{"id":291299,"date":"2016-09-29T00:08:45","date_gmt":"2016-09-29T05:08:45","guid":{"rendered":"http:\/\/www.diarioimagen.net\/?p=291299"},"modified":"2016-09-30T01:12:16","modified_gmt":"2016-09-30T06:12:16","slug":"estamos-transformando-al-edomex-eruviel-avila","status":"publish","type":"post","link":"https:\/\/www.diarioimagen.net\/?p=291299","title":{"rendered":"Estamos transformando al Edomex: Eruviel \u00c1vila"},"content":{"rendered":"<ul>\n<li><strong><em>Mexicable de Ecatepec, una gran obra<\/em><\/strong><\/li>\n<\/ul>\n<h6><strong>\u00a0<\/strong>Jos\u00e9 Luis Monta\u00f1ez<\/h6>\n<p>&nbsp;<\/p>\n<div id=\"attachment_291351\" style=\"width: 430px\" class=\"wp-caption aligncenter\"><a href=\"http:\/\/www.diarioimagen.net\/?attachment_id=291351\" rel=\"attachment wp-att-291351\"><img loading=\"lazy\" decoding=\"async\" aria-describedby=\"caption-attachment-291351\" class=\"size-large wp-image-291351\" src=\"http:\/\/www.diarioimagen.net\/wp-content\/uploads\/2016\/09\/eruviel-2964-420x236.jpg\" alt=\"El gobernador Eruviel \u00c1vila manifest\u00f3 que 12 de cada 100 empresas del pa\u00eds est\u00e1n en territorio mexiquense.\" width=\"420\" height=\"236\" srcset=\"https:\/\/www.diarioimagen.net\/wp-content\/uploads\/2016\/09\/eruviel-2964-420x236.jpg 420w, https:\/\/www.diarioimagen.net\/wp-content\/uploads\/2016\/09\/eruviel-2964-240x135.jpg 240w, https:\/\/www.diarioimagen.net\/wp-content\/uploads\/2016\/09\/eruviel-2964-480x270.jpg 480w, https:\/\/www.diarioimagen.net\/wp-content\/uploads\/2016\/09\/eruviel-2964-235x132.jpg 235w, https:\/\/www.diarioimagen.net\/wp-content\/uploads\/2016\/09\/eruviel-2964-202x114.jpg 202w, https:\/\/www.diarioimagen.net\/wp-content\/uploads\/2016\/09\/eruviel-2964-350x196.jpg 350w, https:\/\/www.diarioimagen.net\/wp-content\/uploads\/2016\/09\/eruviel-2964-220x123.jpg 220w, https:\/\/www.diarioimagen.net\/wp-content\/uploads\/2016\/09\/eruviel-2964-237x132.jpg 237w, https:\/\/www.diarioimagen.net\/wp-content\/uploads\/2016\/09\/eruviel-2964.jpg 700w\" sizes=\"auto, (max-width: 420px) 100vw, 420px\" \/><\/a><p id=\"caption-attachment-291351\" class=\"wp-caption-text\">El gobernador Eruviel \u00c1vila manifest\u00f3 que 12 de cada 100 empresas del pa\u00eds est\u00e1n en territorio mexiquense.<\/p><\/div>\n<p>&nbsp;<\/p>\n<p>En el mensaje por su Quinto Informe de Gobierno -transmitido a todo el auditorio v\u00eda internet, radio y televisi\u00f3n-, el gobernador del Estado de M\u00e9xico, Eruviel \u00c1vila Villegas, fue muy claro al reiterar que los cargos p\u00fablicos son prestados y representan la gran oportunidad para servir a la ciudadan\u00eda con honestidad, lealtad y resultados.<\/p>\n<p>Es lo menos que podemos hacer por todos los mexiquenses que pagan con sus impuestos nuestro sueldo de manera puntual.<\/p>\n<p>Anunci\u00f3 que en breve la entidad contar\u00e1 con una fuerza de seguridad \u00fanica a nivel nacional, apoyada por sistemas de videovigilancia, empleado con muy buenos resultados en pa\u00edses del primer mundo. La inseguridad es algo que golpea a todos y no podemos negar nuestra preocupaci\u00f3n por combatir este flagelo de la sociedad. Debemos trabajar a marchas forzadas para regresar a nuestras calles, colonias, barrios y ciudades la tranquilidad que se merecen los mexiquenses.<\/p>\n<p>Dijo que en el transporte urbano del estado ya funciona con buenos resultado un operativo especial para evitar robos y asaltos a los pasajeros y conductores. Mostr\u00f3 por medio del sistema C5, c\u00f3mo se esta trabajando en el tema. Se han presentado a 17 mil presuntos responsables de diferentes delitos, como resultado de estas acciones y hemos logrado bajar en un cinco por ciento el n\u00famero de casos en los ocho municipios de la entidad con mayores \u00edndices delictivos, entre los que se encuentran: Naucalpan, Ecatepec, Nezahualc\u00f3yotl, en el Valle de M\u00e9xico y tambi\u00e9n del Valle de Toluca.<\/p>\n<p>El Estado de M\u00e9xico, explic\u00f3, es la entidad donde se aplica en todo su alcance el Mando \u00danico Policiaco, propuesto por la Federaci\u00f3n, con 119 municipios incluidos en el programa que ya tiene tambi\u00e9n excelentes resultados. Es mejor tener, asegur\u00f3, una buena polic\u00eda y no muchas d\u00e9biles. Tambi\u00e9n anunci\u00f3 la creaci\u00f3n del Sistema Anticorrupci\u00f3n en Edomex, que ser\u00e1 aplicado, tanto en las dependencias estatales como municipales. Dijo que para ello y como servidor p\u00fablico ya cumpli\u00f3 con su declaraci\u00f3n 3 de 3, as\u00ed como todo su gabinete.<\/p>\n<p>El pueblo exige que sus funcionarios de todos los niveles cumplan su trabajo con honestidad y resultados.<\/p>\n<p>Habl\u00f3 de todos los temas, de los importantes avances en el campo, salud y en educaci\u00f3n.<\/p>\n<p>Se\u00f1al\u00f3 que se han entregado en los cinco a\u00f1os de su administraci\u00f3n 15 millones de \u00fatiles escolares y 87 mil computadoras port\u00e1tiles a los alumnos de diferentes niveles; destac\u00f3 las becas universitarias para estudiar y perfeccionarse en el extranjero.<\/p>\n<p>Se mostr\u00f3 satisfecho de que Ecatepec cuente ya con un nuevo transporte, que es el Mexicable y se pronunci\u00f3 por seguir apoyando a la mujer mexiquense para que salga adelante y se convierta en un ente productivo. M\u00e1s de un mill\u00f3n de f\u00e9minas se han beneficiado con los programas de apoyo a emprendedoras y se han hecho millones de estudios para detectar el c\u00e1ncer, tanto en hombres como en mujeres.<\/p>\n<p>En su mensaje, \u00c1vila Villegas reconoci\u00f3 en repetidas ocasiones que los avances en todos los renglones del bienestar de los mexiquenses se debe al trabajo conjunto y dijo que la Federaci\u00f3n, con el presidente Enrique Pe\u00f1a Nieto a la cabeza, ha sido determinante para que la entidad siga adelante en sus metas de progreso para todos los habitantes del Estado de M\u00e9xico.<\/p>\n<p>&nbsp;<\/p>\n","protected":false},"excerpt":{"rendered":"<p><span style=\"color: #005497;\">Jos\u00e9 Luis Monta\u00f1ez Aguilar<\/span><br \/>\n<br \/>\nEn el mensaje por su Quinto Informe de Gobierno -transmitido a todo el auditorio v\u00eda internet, radio y televisi\u00f3n-, el gobernador del Estado de M\u00e9xico, Eruviel \u00c1vila Villegas, fue muy claro al reiterar que los cargos p\u00fablicos son prestados y representan la gran oportunidad para servir a la ciudadan\u00eda con honestidad, lealtad y resultados.<\/p>\n","protected":false},"author":3,"featured_media":291351,"comment_status":"open","ping_status":"open","sticky":false,"template":"","format":"standard","meta":{"_monsterinsights_skip_tracking":false,"_monsterinsights_sitenote_active":false,"_monsterinsights_sitenote_note":"","_monsterinsights_sitenote_category":0,"footnotes":""},"categories":[5],"tags":[5828,43675],"class_list":["post-291299","post","type-post","status-publish","format-standard","has-post-thumbnail","hentry","category-estado-de-mexico","tag-eruviel-avila-villegas","tag-estado-de-mexico"],"_links":{"self":[{"href":"https:\/\/www.diarioimagen.net\/index.php?rest_route=\/wp\/v2\/posts\/291299","targetHints":{"allow":["GET"]}}],"collection":[{"href":"https:\/\/www.diarioimagen.net\/index.php?rest_route=\/wp\/v2\/posts"}],"about":[{"href":"https:\/\/www.diarioimagen.net\/index.php?rest_route=\/wp\/v2\/types\/post"}],"author":[{"embeddable":true,"href":"https:\/\/www.diarioimagen.net\/index.php?rest_route=\/wp\/v2\/users\/3"}],"replies":[{"embeddable":true,"href":"https:\/\/www.diarioimagen.net\/index.php?rest_route=%2Fwp%2Fv2%2Fcomments&post=291299"}],"version-history":[{"count":0,"href":"https:\/\/www.diarioimagen.net\/index.php?rest_route=\/wp\/v2\/posts\/291299\/revisions"}],"wp:featuredmedia":[{"embeddable":true,"href":"https:\/\/www.diarioimagen.net\/index.php?rest_route=\/wp\/v2\/media\/291351"}],"wp:attachment":[{"href":"https:\/\/www.diarioimagen.net\/index.php?rest_route=%2Fwp%2Fv2%2Fmedia&parent=291299"}],"wp:term":[{"taxonomy":"category","embeddable":true,"href":"https:\/\/www.diarioimagen.net\/index.php?rest_route=%2Fwp%2Fv2%2Fcategories&post=291299"},{"taxonomy":"post_tag","embeddable":true,"href":"https:\/\/www.diarioimagen.net\/index.php?rest_route=%2Fwp%2Fv2%2Ftags&post=291299"}],"curies":[{"name":"wp","href":"https:\/\/api.w.org\/{rel}","templated":true}]}}