{"id":291301,"date":"2016-09-29T00:09:30","date_gmt":"2016-09-29T05:09:30","guid":{"rendered":"http:\/\/www.diarioimagen.net\/?p=291301"},"modified":"2016-09-29T05:13:03","modified_gmt":"2016-09-29T10:13:03","slug":"el-estado-se-consolida-tierra-de-oportunidades","status":"publish","type":"post","link":"https:\/\/www.diarioimagen.net\/?p=291301","title":{"rendered":"El Estado se consolida: tierra de oportunidades"},"content":{"rendered":"<h2>Arco Norte<\/h2>\n<h5>Jos\u00e9 Luis Monta\u00f1ez Aguilar<\/h5>\n<p>&nbsp;<\/p>\n<div id=\"attachment_291354\" style=\"width: 430px\" class=\"wp-caption aligncenter\"><a href=\"http:\/\/www.diarioimagen.net\/?attachment_id=291354\" rel=\"attachment wp-att-291354\"><img loading=\"lazy\" decoding=\"async\" aria-describedby=\"caption-attachment-291354\" class=\"size-large wp-image-291354\" src=\"http:\/\/www.diarioimagen.net\/wp-content\/uploads\/2016\/09\/arco-2964-420x298.jpg\" alt=\"Eruviel \u00c1vila - 5o Informe de Resultados.\" width=\"420\" height=\"298\" srcset=\"https:\/\/www.diarioimagen.net\/wp-content\/uploads\/2016\/09\/arco-2964-420x298.jpg 420w, https:\/\/www.diarioimagen.net\/wp-content\/uploads\/2016\/09\/arco-2964-240x170.jpg 240w, https:\/\/www.diarioimagen.net\/wp-content\/uploads\/2016\/09\/arco-2964-90x65.jpg 90w, https:\/\/www.diarioimagen.net\/wp-content\/uploads\/2016\/09\/arco-2964.jpg 640w\" sizes=\"auto, (max-width: 420px) 100vw, 420px\" \/><\/a><p id=\"caption-attachment-291354\" class=\"wp-caption-text\">Eruviel \u00c1vila &#8211; 5o Informe de Resultados.<\/p><\/div>\n<p>&nbsp;<\/p>\n<p>El gobernador Eruviel \u00c1vila Villegas destac\u00f3 que el Edomex se consolida como una tierra de oportunidades y un estado progresista, ya que durante los \u00faltimos cinco a\u00f1os en la entidad se han puesto en marcha acciones para facilitar las inversiones para el establecimiento de empresas y negocios que generen empleos para los mexiquenses.<\/p>\n<p>Durante el Quinto Informe de Resultados, difundido por el Sistema de Radio y Televisi\u00f3n Mexiquense e internet, destac\u00f3 que de acuerdo con el estudio Doing Business del Banco Mundial, el Estado de M\u00e9xico es la entidad que m\u00e1s posiciones avanz\u00f3 en el mundo, al pasar en los \u00faltimos cinco a\u00f1os de la posici\u00f3n 28 al segundo lugar ideal para abrir un negocio.<\/p>\n<p>Para conseguirlo, dijo, se trabaj\u00f3 en conjunto con los poderes Judicial y Legislativo, para eliminar mil 900 tr\u00e1mites burocr\u00e1ticos, instalar el sistema de apertura r\u00e1pida de empresas, se cre\u00f3 el sistema de notificaciones electr\u00f3nicas y se castiga a los servidores p\u00fablicos que obstruyen la inversi\u00f3n.<\/p>\n<p>El titular del Ejecutivo estatal precis\u00f3 que en el Estado de M\u00e9xico el n\u00famero de empresas y negocios instalados son m\u00e1s de 664 mil, es decir, 12 de cada 100 empresas del pa\u00eds est\u00e1n en territorio mexiquense, coloc\u00e1ndose en el primer lugar en esta materia. Puntualiz\u00f3 que la llegada de m\u00e1s inversiones a territorio mexiquense ha permitido la generaci\u00f3n de m\u00e1s de 353 mil nuevos empleos. En el \u00faltimo a\u00f1o se crearon cerca de 53 mil, cifra superior en 41 por ciento al promedio observado en los \u00faltimos 10 a\u00f1os. Cabe destacar que tan s\u00f3lo en esta administraci\u00f3n, se han captado casi 23 mil millones de d\u00f3lares de inversionistas extranjeros y nacionales.<\/p>\n<p>Eruviel \u00c1vila indic\u00f3 que la econom\u00eda mexiquense tambi\u00e9n crece con el impulso al sector tur\u00edstico, ofreciendo alternativas de esparcimiento a visitantes extranjeros y nacionales, por ejemplo, la puesta en marcha del espect\u00e1culo de luz y sonido \u201cExperiencia Nocturna en Teotihuac\u00e1n\u201d. Adem\u00e1s el Edomex tiene 9 Pueblos M\u00e1gicos, 4 sitios declarados Patrimonio de la Humanidad por la UNESCO y 22 Pueblos con Encanto, y en cinco a\u00f1os la industria tur\u00edstica ha dejado una derrama econ\u00f3mica cercana a los 273 mil millones de pesos.<\/p>\n<p>Eruviel \u00c1vila indic\u00f3 que la entidad tambi\u00e9n es l\u00edder nacional en producci\u00f3n acu\u00edcola entre las 14 entidades sin litoral del pa\u00eds, y es el n\u00famero uno en producci\u00f3n de flores, tuna, haba verde, ch\u00edcharo, avena, ma\u00edz grano y forrajero, aguacate, nopal, durazno, entre otros, y se\u00f1al\u00f3 que en los \u00faltimos cinco a\u00f1os se han invertido casi 6 millones de pesos para modernizar el campo mexiquense.<\/p>\n<p><em><a href=\"mailto:montanezaguilar@gmail.com\" target=\"_blank\">montanezaguilar@gmail.com<\/a><\/em><\/p>\n","protected":false},"excerpt":{"rendered":"<p><span style=\"color: #005497;\">Jos\u00e9 Luis Monta\u00f1ez Aguilar<\/span><br \/>\n<br \/>\nEl gobernador Eruviel \u00c1vila Villegas destac\u00f3 que el Edomex se consolida como una tierra de oportunidades y un estado progresista, ya que durante los \u00faltimos cinco a\u00f1os en la entidad se han puesto en marcha acciones para facilitar las inversiones para el establecimiento de empresas y negocios que generen empleos para los mexiquenses.<\/p>\n","protected":false},"author":3,"featured_media":291354,"comment_status":"open","ping_status":"open","sticky":false,"template":"","format":"standard","meta":{"_monsterinsights_skip_tracking":false,"_monsterinsights_sitenote_active":false,"_monsterinsights_sitenote_note":"","_monsterinsights_sitenote_category":0,"footnotes":""},"categories":[5],"tags":[13284,43704,43674],"class_list":["post-291301","post","type-post","status-publish","format-standard","has-post-thumbnail","hentry","category-estado-de-mexico","tag-arco-norte","tag-jose-luis-montanez-aguilar","tag-opinion"],"_links":{"self":[{"href":"https:\/\/www.diarioimagen.net\/index.php?rest_route=\/wp\/v2\/posts\/291301","targetHints":{"allow":["GET"]}}],"collection":[{"href":"https:\/\/www.diarioimagen.net\/index.php?rest_route=\/wp\/v2\/posts"}],"about":[{"href":"https:\/\/www.diarioimagen.net\/index.php?rest_route=\/wp\/v2\/types\/post"}],"author":[{"embeddable":true,"href":"https:\/\/www.diarioimagen.net\/index.php?rest_route=\/wp\/v2\/users\/3"}],"replies":[{"embeddable":true,"href":"https:\/\/www.diarioimagen.net\/index.php?rest_route=%2Fwp%2Fv2%2Fcomments&post=291301"}],"version-history":[{"count":0,"href":"https:\/\/www.diarioimagen.net\/index.php?rest_route=\/wp\/v2\/posts\/291301\/revisions"}],"wp:featuredmedia":[{"embeddable":true,"href":"https:\/\/www.diarioimagen.net\/index.php?rest_route=\/wp\/v2\/media\/291354"}],"wp:attachment":[{"href":"https:\/\/www.diarioimagen.net\/index.php?rest_route=%2Fwp%2Fv2%2Fmedia&parent=291301"}],"wp:term":[{"taxonomy":"category","embeddable":true,"href":"https:\/\/www.diarioimagen.net\/index.php?rest_route=%2Fwp%2Fv2%2Fcategories&post=291301"},{"taxonomy":"post_tag","embeddable":true,"href":"https:\/\/www.diarioimagen.net\/index.php?rest_route=%2Fwp%2Fv2%2Ftags&post=291301"}],"curies":[{"name":"wp","href":"https:\/\/api.w.org\/{rel}","templated":true}]}}