{"id":291337,"date":"2016-09-29T00:06:12","date_gmt":"2016-09-29T05:06:12","guid":{"rendered":"http:\/\/www.diarioimagen.net\/?p=291337"},"modified":"2016-09-29T05:26:20","modified_gmt":"2016-09-29T10:26:20","slug":"jornada-intermunicipal-de-servicios-publicos-en-av-fuentes-de-satelite","status":"publish","type":"post","link":"https:\/\/www.diarioimagen.net\/?p=291337","title":{"rendered":"Jornada intermunicipal de servicios p\u00fablicos en Av. Fuentes de Sat\u00e9lite"},"content":{"rendered":"<ul>\n<li><strong><em>L\u00edmites de Naucalpan y Atizap\u00e1n<\/em><\/strong><\/li>\n<\/ul>\n<p>&nbsp;<\/p>\n<div id=\"attachment_291388\" style=\"width: 430px\" class=\"wp-caption aligncenter\"><a href=\"http:\/\/www.diarioimagen.net\/?attachment_id=291388\" rel=\"attachment wp-att-291388\"><img loading=\"lazy\" decoding=\"async\" aria-describedby=\"caption-attachment-291388\" class=\"wp-image-291388 size-large\" src=\"http:\/\/www.diarioimagen.net\/wp-content\/uploads\/2016\/09\/NAUCALPAN-2964-420x236.jpg\" alt=\"En la zona lim\u00edtrofe entre ambas demarcaciones se efectuaron\u00a0 trabajos de bacheo, balizamiento, cambio de luminarias y poda de \u00e1rboles.\" width=\"420\" height=\"236\" srcset=\"https:\/\/www.diarioimagen.net\/wp-content\/uploads\/2016\/09\/NAUCALPAN-2964-420x236.jpg 420w, https:\/\/www.diarioimagen.net\/wp-content\/uploads\/2016\/09\/NAUCALPAN-2964-240x135.jpg 240w, https:\/\/www.diarioimagen.net\/wp-content\/uploads\/2016\/09\/NAUCALPAN-2964-235x132.jpg 235w, https:\/\/www.diarioimagen.net\/wp-content\/uploads\/2016\/09\/NAUCALPAN-2964-202x114.jpg 202w, https:\/\/www.diarioimagen.net\/wp-content\/uploads\/2016\/09\/NAUCALPAN-2964-350x196.jpg 350w, https:\/\/www.diarioimagen.net\/wp-content\/uploads\/2016\/09\/NAUCALPAN-2964-220x123.jpg 220w, https:\/\/www.diarioimagen.net\/wp-content\/uploads\/2016\/09\/NAUCALPAN-2964-237x132.jpg 237w, https:\/\/www.diarioimagen.net\/wp-content\/uploads\/2016\/09\/NAUCALPAN-2964.jpg 480w\" sizes=\"auto, (max-width: 420px) 100vw, 420px\" \/><\/a><p id=\"caption-attachment-291388\" class=\"wp-caption-text\">En la zona lim\u00edtrofe entre ambas demarcaciones se efectuaron\u00a0 trabajos de bacheo, balizamiento, cambio de luminarias y poda de \u00e1rboles.<\/p><\/div>\n<p>&nbsp;<\/p>\n<p><strong>Naucalpan, Estado de M\u00e9xico<\/strong>.- Los gobiernos de Naucalpan y Atizap\u00e1n realizaron una jornada intermunicipal de servicios p\u00fablicos sobre avenida Fuentes de Sat\u00e9lite, en la zona lim\u00edtrofe entre ambas demarcaciones, se efectuaron\u00a0 trabajos de bacheo, balizamiento, cambio de luminarias, poda de \u00e1rboles y limpia.<\/p>\n<p>El director general de Servicios P\u00fablicos de Naucalpan, Francisco \u00c1lvarez Moreno, explic\u00f3 que en mayo pasado la administraci\u00f3n que encabeza el presidente municipal, Edgar Armando Olvera Higuera, firm\u00f3 un convenio de colaboraci\u00f3n con el gobierno de Atizap\u00e1n, para trabajar de manera coordinada en materia de servicios p\u00fablicos, seguridad y desarrollo urbano.<\/p>\n<p>Indic\u00f3 que en esta jornada participaron 60 trabajadores de la Direcci\u00f3n de Servicios P\u00fabicos de Naucalpan y un n\u00famero similar de Atizap\u00e1n, quienes laboraron\u00a0 sobre avenida Fuentes de Sat\u00e9lite, desde Colonial Sat\u00e9lite hasta Lomas Verdes Tercera Secci\u00f3n, una de las siete zonas colindantes entre ambos municipios.<\/p>\n<p>&nbsp;<\/p>\n","protected":false},"excerpt":{"rendered":"<p>Los gobiernos de Naucalpan y Atizap\u00e1n realizaron una jornada intermunicipal de servicios p\u00fablicos sobre avenida Fuentes de Sat\u00e9lite, en la zona lim\u00edtrofe entre ambas demarcaciones, se efectuaron  trabajos de bacheo, balizamiento, cambio de luminarias, poda de \u00e1rboles y limpia.<\/p>\n","protected":false},"author":3,"featured_media":291388,"comment_status":"open","ping_status":"open","sticky":false,"template":"","format":"standard","meta":{"_monsterinsights_skip_tracking":false,"_monsterinsights_sitenote_active":false,"_monsterinsights_sitenote_note":"","_monsterinsights_sitenote_category":0,"footnotes":""},"categories":[35155],"tags":[43675,970],"class_list":["post-291337","post","type-post","status-publish","format-standard","has-post-thumbnail","hentry","category-estado-de-mexico-estado-de-mexico","tag-estado-de-mexico","tag-naucalpan"],"_links":{"self":[{"href":"https:\/\/www.diarioimagen.net\/index.php?rest_route=\/wp\/v2\/posts\/291337","targetHints":{"allow":["GET"]}}],"collection":[{"href":"https:\/\/www.diarioimagen.net\/index.php?rest_route=\/wp\/v2\/posts"}],"about":[{"href":"https:\/\/www.diarioimagen.net\/index.php?rest_route=\/wp\/v2\/types\/post"}],"author":[{"embeddable":true,"href":"https:\/\/www.diarioimagen.net\/index.php?rest_route=\/wp\/v2\/users\/3"}],"replies":[{"embeddable":true,"href":"https:\/\/www.diarioimagen.net\/index.php?rest_route=%2Fwp%2Fv2%2Fcomments&post=291337"}],"version-history":[{"count":0,"href":"https:\/\/www.diarioimagen.net\/index.php?rest_route=\/wp\/v2\/posts\/291337\/revisions"}],"wp:featuredmedia":[{"embeddable":true,"href":"https:\/\/www.diarioimagen.net\/index.php?rest_route=\/wp\/v2\/media\/291388"}],"wp:attachment":[{"href":"https:\/\/www.diarioimagen.net\/index.php?rest_route=%2Fwp%2Fv2%2Fmedia&parent=291337"}],"wp:term":[{"taxonomy":"category","embeddable":true,"href":"https:\/\/www.diarioimagen.net\/index.php?rest_route=%2Fwp%2Fv2%2Fcategories&post=291337"},{"taxonomy":"post_tag","embeddable":true,"href":"https:\/\/www.diarioimagen.net\/index.php?rest_route=%2Fwp%2Fv2%2Ftags&post=291337"}],"curies":[{"name":"wp","href":"https:\/\/api.w.org\/{rel}","templated":true}]}}