{"id":291340,"date":"2016-09-29T00:07:51","date_gmt":"2016-09-29T05:07:51","guid":{"rendered":"http:\/\/www.diarioimagen.net\/?p=291340"},"modified":"2016-09-29T05:32:01","modified_gmt":"2016-09-29T10:32:01","slug":"secuestran-y-matan-a-joven-en-naucalpan","status":"publish","type":"post","link":"https:\/\/www.diarioimagen.net\/?p=291340","title":{"rendered":"Secuestran y matan a joven en Naucalpan"},"content":{"rendered":"<ul>\n<li><strong><em>Desapareci\u00f3 el jueves pasado<\/em><\/strong><\/li>\n<\/ul>\n<p>&nbsp;<\/p>\n<div id=\"attachment_291396\" style=\"width: 430px\" class=\"wp-caption aligncenter\"><a href=\"http:\/\/www.diarioimagen.net\/?attachment_id=291396\" rel=\"attachment wp-att-291396\"><img loading=\"lazy\" decoding=\"async\" aria-describedby=\"caption-attachment-291396\" class=\"wp-image-291396 size-large\" src=\"http:\/\/www.diarioimagen.net\/wp-content\/uploads\/2016\/09\/KAREN-2964-420x236.jpg\" alt=\"La jovencita Karen Rebeca Esquivel de los Monteros desapareci\u00f3 en\u2008Naucalpan el pasado 22 de septiembre.\" width=\"420\" height=\"236\" srcset=\"https:\/\/www.diarioimagen.net\/wp-content\/uploads\/2016\/09\/KAREN-2964-420x236.jpg 420w, https:\/\/www.diarioimagen.net\/wp-content\/uploads\/2016\/09\/KAREN-2964-240x135.jpg 240w, https:\/\/www.diarioimagen.net\/wp-content\/uploads\/2016\/09\/KAREN-2964-480x270.jpg 480w, https:\/\/www.diarioimagen.net\/wp-content\/uploads\/2016\/09\/KAREN-2964-235x132.jpg 235w, https:\/\/www.diarioimagen.net\/wp-content\/uploads\/2016\/09\/KAREN-2964-202x114.jpg 202w, https:\/\/www.diarioimagen.net\/wp-content\/uploads\/2016\/09\/KAREN-2964-350x196.jpg 350w, https:\/\/www.diarioimagen.net\/wp-content\/uploads\/2016\/09\/KAREN-2964-220x123.jpg 220w, https:\/\/www.diarioimagen.net\/wp-content\/uploads\/2016\/09\/KAREN-2964-237x132.jpg 237w, https:\/\/www.diarioimagen.net\/wp-content\/uploads\/2016\/09\/KAREN-2964.jpg 700w\" sizes=\"auto, (max-width: 420px) 100vw, 420px\" \/><\/a><p id=\"caption-attachment-291396\" class=\"wp-caption-text\">La jovencita Karen Rebeca Esquivel de los Monteros desapareci\u00f3 en\u2008Naucalpan el pasado 22 de septiembre.<\/p><\/div>\n<p>&nbsp;<\/p>\n<p>Tras seis d\u00edas de ser reportada como desaparecida, la estudiante Karen Rebeca Esquivel de los Monteros, de 19 a\u00f1os, fue localizada sin vida en Naucalpan, Estado de M\u00e9xico.<\/p>\n<p>La v\u00edctima desapareci\u00f3 el pasado 22 de septiembre, luego de que una amiga la dejara en una farmacia, donde tramitar\u00eda un certificado m\u00e9dico.<\/p>\n<p>Se trata de la estudiante de la UNITEC, Karen Rebeca Esquivel de los Monteros, a quien sus compa\u00f1eros conoc\u00edan como \u201cLa China\u201d.<\/p>\n<p>Despu\u00e9s de estar en la avenida Lomas Verdes y L\u00f3pez Mateos a las 15:00 horas, no se volvi\u00f3 a saber de ella, y su madre, Becky Espinosa, acudi\u00f3 a su escuela y pidi\u00f3 la ayuda de la comunidad universitaria para localizarla, la cual despleg\u00f3 una campa\u00f1a en redes sociales para ubicarla.<\/p>\n<p>Karen y otra jovencita m\u00e1s fueron asesinadas por un grupo de secuestradores. No se pag\u00f3 rescate, de la otra joven se desconoce su identidad, pero ambas aparecieron en la presa Necaxa, frente a la manzana 8,\u00a0 colonia El Tejocote, en Naucalpan.<\/p>\n<p>Las dos jovencitas presentaban huellas de haber sido golpeadas.<\/p>\n<p>Fuentes de la Procuradur\u00eda General de Justicia del Estado de M\u00e9xico se\u00f1alaron que aparentemente se trat\u00f3 de un secuestro, aunque oficialmente en la dependencia indicaron que s\u00f3lo dar\u00edan informaci\u00f3n del caso a la familia.<\/p>\n<p>La joven a quien conoc\u00eda como \u00abLa China\u00bb, por su cabellera, era estudiante de Universidad Tecnol\u00f3gica de M\u00e9xico (Unitec).<\/p>\n<p>Dicha instituci\u00f3n educativa expres\u00f3 su consternaci\u00f3n por el fallecimiento de Karen y exigi\u00f3 a las autoridades del Estado de M\u00e9xico castigar a los responsables.<\/p>\n<p>&nbsp;<\/p>\n","protected":false},"excerpt":{"rendered":"<p>Tras seis d\u00edas de ser reportada como desaparecida, la estudiante Karen Rebeca Esquivel de los Monteros, de 19 a\u00f1os, fue localizada sin vida en Naucalpan, Estado de M\u00e9xico. La v\u00edctima desapareci\u00f3 el pasado 22 de septiembre, luego de que una amiga la dejara en una farmacia, donde tramitar\u00eda un certificado m\u00e9dico.<\/p>\n","protected":false},"author":3,"featured_media":291396,"comment_status":"open","ping_status":"open","sticky":false,"template":"","format":"standard","meta":{"_monsterinsights_skip_tracking":false,"_monsterinsights_sitenote_active":false,"_monsterinsights_sitenote_note":"","_monsterinsights_sitenote_category":0,"footnotes":""},"categories":[35155],"tags":[18614,970,43677],"class_list":["post-291340","post","type-post","status-publish","format-standard","has-post-thumbnail","hentry","category-estado-de-mexico-estado-de-mexico","tag-matan","tag-naucalpan","tag-seguridad"],"_links":{"self":[{"href":"https:\/\/www.diarioimagen.net\/index.php?rest_route=\/wp\/v2\/posts\/291340","targetHints":{"allow":["GET"]}}],"collection":[{"href":"https:\/\/www.diarioimagen.net\/index.php?rest_route=\/wp\/v2\/posts"}],"about":[{"href":"https:\/\/www.diarioimagen.net\/index.php?rest_route=\/wp\/v2\/types\/post"}],"author":[{"embeddable":true,"href":"https:\/\/www.diarioimagen.net\/index.php?rest_route=\/wp\/v2\/users\/3"}],"replies":[{"embeddable":true,"href":"https:\/\/www.diarioimagen.net\/index.php?rest_route=%2Fwp%2Fv2%2Fcomments&post=291340"}],"version-history":[{"count":0,"href":"https:\/\/www.diarioimagen.net\/index.php?rest_route=\/wp\/v2\/posts\/291340\/revisions"}],"wp:featuredmedia":[{"embeddable":true,"href":"https:\/\/www.diarioimagen.net\/index.php?rest_route=\/wp\/v2\/media\/291396"}],"wp:attachment":[{"href":"https:\/\/www.diarioimagen.net\/index.php?rest_route=%2Fwp%2Fv2%2Fmedia&parent=291340"}],"wp:term":[{"taxonomy":"category","embeddable":true,"href":"https:\/\/www.diarioimagen.net\/index.php?rest_route=%2Fwp%2Fv2%2Fcategories&post=291340"},{"taxonomy":"post_tag","embeddable":true,"href":"https:\/\/www.diarioimagen.net\/index.php?rest_route=%2Fwp%2Fv2%2Ftags&post=291340"}],"curies":[{"name":"wp","href":"https:\/\/api.w.org\/{rel}","templated":true}]}}