{"id":291344,"date":"2016-09-29T00:04:01","date_gmt":"2016-09-29T05:04:01","guid":{"rendered":"http:\/\/www.diarioimagen.net\/?p=291344"},"modified":"2016-09-29T05:34:21","modified_gmt":"2016-09-29T10:34:21","slug":"asisten-legisladores-mexiquenses-a-inauguracion-del-c-5-de-ecatepec","status":"publish","type":"post","link":"https:\/\/www.diarioimagen.net\/?p=291344","title":{"rendered":"Asisten legisladores mexiquenses a inauguraci\u00f3n del C-5 de Ecatepec"},"content":{"rendered":"<p><a href=\"http:\/\/www.diarioimagen.net\/?attachment_id=291412\" rel=\"attachment wp-att-291412\"><img loading=\"lazy\" decoding=\"async\" class=\"aligncenter wp-image-291412 size-large\" src=\"http:\/\/www.diarioimagen.net\/wp-content\/uploads\/2016\/09\/LEGISLATURA-2964-420x236.jpg\" width=\"420\" height=\"236\" srcset=\"https:\/\/www.diarioimagen.net\/wp-content\/uploads\/2016\/09\/LEGISLATURA-2964-420x236.jpg 420w, https:\/\/www.diarioimagen.net\/wp-content\/uploads\/2016\/09\/LEGISLATURA-2964-240x135.jpg 240w, https:\/\/www.diarioimagen.net\/wp-content\/uploads\/2016\/09\/LEGISLATURA-2964-480x270.jpg 480w, https:\/\/www.diarioimagen.net\/wp-content\/uploads\/2016\/09\/LEGISLATURA-2964-235x132.jpg 235w, https:\/\/www.diarioimagen.net\/wp-content\/uploads\/2016\/09\/LEGISLATURA-2964-202x114.jpg 202w, https:\/\/www.diarioimagen.net\/wp-content\/uploads\/2016\/09\/LEGISLATURA-2964-350x196.jpg 350w, https:\/\/www.diarioimagen.net\/wp-content\/uploads\/2016\/09\/LEGISLATURA-2964-220x123.jpg 220w, https:\/\/www.diarioimagen.net\/wp-content\/uploads\/2016\/09\/LEGISLATURA-2964-237x132.jpg 237w, https:\/\/www.diarioimagen.net\/wp-content\/uploads\/2016\/09\/LEGISLATURA-2964.jpg 700w\" sizes=\"auto, (max-width: 420px) 100vw, 420px\" \/><\/a><\/p>\n<p>&nbsp;<\/p>\n<p><strong>Ecatepec, Estado de M\u00e9xico.-<\/strong> Los diputados Cruz Roa S\u00e1nchez, presidente de la Junta de Coordinaci\u00f3n Pol\u00edtica, y Martha Ang\u00e9lica Bernardino Rojas, presidenta de la Mesa Directiva de la 59 Legislatura mexiquense, acudieron con el gobernador Eruviel \u00c1vila, y el secretario de Gobernaci\u00f3n, Miguel \u00c1ngel Osorio Chong, a la inauguraci\u00f3n del Centro de Control, Comando, Comunicaci\u00f3n, C\u00f3mputo y Calidad (C5) de Ecatepec, con el cual se reforzar\u00e1 la vigilancia en el Valle de M\u00e9xico y zona oriente de la entidad.<\/p>\n<p>&nbsp;<\/p>\n","protected":false},"excerpt":{"rendered":"<p>Los diputados Cruz Roa S\u00e1nchez, presidente de la Junta de Coordinaci\u00f3n Pol\u00edtica, y Martha Ang\u00e9lica Bernardino Rojas, presidenta de la Mesa Directiva de la 59 Legislatura mexiquense, acudieron con el gobernador Eruviel \u00c1vila, y el secretario de Gobernaci\u00f3n, Miguel \u00c1ngel Osorio Chong, a la inauguraci\u00f3n del Centro de Control, Comando, Comunicaci\u00f3n, C\u00f3mputo y Calidad (C5) de Ecatepec, con el cual se reforzar\u00e1 la vigilancia en el Valle de M\u00e9xico y zona oriente de la entidad.<\/p>\n","protected":false},"author":3,"featured_media":291412,"comment_status":"open","ping_status":"open","sticky":false,"template":"","format":"standard","meta":{"_monsterinsights_skip_tracking":false,"_monsterinsights_sitenote_active":false,"_monsterinsights_sitenote_note":"","_monsterinsights_sitenote_category":0,"footnotes":""},"categories":[35155],"tags":[454,43675,3676],"class_list":["post-291344","post","type-post","status-publish","format-standard","has-post-thumbnail","hentry","category-estado-de-mexico-estado-de-mexico","tag-ecatepec","tag-estado-de-mexico","tag-miguel-angel-osorio-chong"],"_links":{"self":[{"href":"https:\/\/www.diarioimagen.net\/index.php?rest_route=\/wp\/v2\/posts\/291344","targetHints":{"allow":["GET"]}}],"collection":[{"href":"https:\/\/www.diarioimagen.net\/index.php?rest_route=\/wp\/v2\/posts"}],"about":[{"href":"https:\/\/www.diarioimagen.net\/index.php?rest_route=\/wp\/v2\/types\/post"}],"author":[{"embeddable":true,"href":"https:\/\/www.diarioimagen.net\/index.php?rest_route=\/wp\/v2\/users\/3"}],"replies":[{"embeddable":true,"href":"https:\/\/www.diarioimagen.net\/index.php?rest_route=%2Fwp%2Fv2%2Fcomments&post=291344"}],"version-history":[{"count":0,"href":"https:\/\/www.diarioimagen.net\/index.php?rest_route=\/wp\/v2\/posts\/291344\/revisions"}],"wp:featuredmedia":[{"embeddable":true,"href":"https:\/\/www.diarioimagen.net\/index.php?rest_route=\/wp\/v2\/media\/291412"}],"wp:attachment":[{"href":"https:\/\/www.diarioimagen.net\/index.php?rest_route=%2Fwp%2Fv2%2Fmedia&parent=291344"}],"wp:term":[{"taxonomy":"category","embeddable":true,"href":"https:\/\/www.diarioimagen.net\/index.php?rest_route=%2Fwp%2Fv2%2Fcategories&post=291344"},{"taxonomy":"post_tag","embeddable":true,"href":"https:\/\/www.diarioimagen.net\/index.php?rest_route=%2Fwp%2Fv2%2Ftags&post=291344"}],"curies":[{"name":"wp","href":"https:\/\/api.w.org\/{rel}","templated":true}]}}