{"id":291438,"date":"2016-09-29T00:02:28","date_gmt":"2016-09-29T05:02:28","guid":{"rendered":"http:\/\/www.diarioimagen.net\/?p=291438"},"modified":"2016-09-29T05:53:06","modified_gmt":"2016-09-29T10:53:06","slug":"el-alcalde-incomodo","status":"publish","type":"post","link":"https:\/\/www.diarioimagen.net\/?p=291438","title":{"rendered":"El alcalde inc\u00f3modo"},"content":{"rendered":"<h2>Poder y dinero<\/h2>\n<h5>V\u00edctor S\u00e1nchez Ba\u00f1os<\/h5>\n<p><em><br \/>\n<\/em><\/p>\n<p style=\"text-align: right;\"><em><strong>El error del anciano es que pretende enjuiciar el hoy con el criterio del ayer.<\/strong><br \/>\nEpicteto de Frigia (55-135) Fil\u00f3sofo grecolatino.<\/em><\/p>\n<p>&nbsp;<\/p>\n<p>Hay un fen\u00f3meno en la pol\u00edtica del pa\u00eds. Se llama Ricardo Gallardo Ju\u00e1rez. Milita en el PRD y es considerado una de las cartas fuertes de ese partido para la gubernatura de San Luis Potos\u00ed, pero hasta el \u00a12021!<\/p>\n<p>De or\u00edgenes pri\u00edstas, Gallardo hace 9 a\u00f1os inici\u00f3 su camino con el partido amarillo, luego que el tricolor se neg\u00f3 a postularlo como aspirante a la alcald\u00eda de Soledad, un municipio conurbado de San Luis Potos\u00ed, la capital del estado.<\/p>\n<p>Sin embargo, se enfrent\u00f3 a las estructuras pol\u00edticas de la entidad acaparadas por el Revolucionario institucional. Al paso del tiempo, su hijo, Ricardo Gallardo Cardona, desde la alcald\u00eda de Soledad, se perfilaba para ser el aspirante del PRD a la gubernatura. Por presiones del entonces gobernador Fernando Torranzo, le finc\u00f3 al joven de 31 a\u00f1os una averiguaci\u00f3n previa federal por desviaci\u00f3n de recursos municipales.<\/p>\n<p>Se inici\u00f3 el proceso electoral que llev\u00f3 a la gubernatura a Juan Manuel Carreras. Durante 11 meses de ese proceso lo encarcelaron y al final lo soltaron, luego de ser absuelto por un juez.<\/p>\n<p>Al paso del tiempo, en las elecciones locales, el pap\u00e1, Gallardo Ju\u00e1rez, se lanz\u00f3 por la alcald\u00eda de San Luis Potos\u00ed, la gan\u00f3 y se convirti\u00f3 en la v\u00edctima del sistema; una v\u00edctima al que no s\u00f3lo le encarcelaron a su hijo, sino que lo ahogan, limit\u00e1ndolo con recursos presupuestales.<\/p>\n<p>El martes pasado, Gallardo Ju\u00e1rez rindi\u00f3 su primer informe de gobierno, al que asisti\u00f3 la plana mayor del perredismo nacional: Alejandra Barrales, su dirigente y alineada el jefe de gobierno de la Ciudad de M\u00e9xico, Miguel \u00c1ngel Mancera; Silvano Aureoles, gobernador michoacano y aspirante tambi\u00e9n por el amarillo a la candidatura presidencial; diputados, senadores que ven en el alcalde potosino en el principal aspirante de ese partido y con amplias posibilidades de ganar el proceso estatal dentro de 5 a\u00f1os.<\/p>\n<p>Por ello, los Gallardo (el gallo y el pollo; padre e hijo), se convirtieron en inc\u00f3modos para la clase pri\u00edsta, que le buscar\u00e1n los 5 pies al gato para evitar su ascenso a la gubernatura.<\/p>\n<p>El tratamiento de los habitantes de la capital en contra del gobernador, Juan Manuel Carreras, no dej\u00f3 lugar a dudas: lo abuchearon y lo calificaron a coro de corrupto. Su imagen, por los suelos.<\/p>\n<p><strong>PODEROSOS CABALLEROS<\/strong>.- \u201cThe Wall Street Journal\u201d critic\u00f3 severamente al impoluto pol\u00edtico tabasque\u00f1o, Andr\u00e9s Manuel L\u00f3pez Obrador, por ocultar en su declaraci\u00f3n 3 de 3, dos departamentos que posee. De inmediato, su vocero, C\u00e9sar Y\u00e1\u00f1ez, sali\u00f3 y calific\u00f3 de infamia, mentira, lo manejado por el influyente peri\u00f3dico estadounidense. Explic\u00f3 que se trata de dos departamentos que est\u00e1n en litigio y forman parte de una herencia. La madre de sus hijos muri\u00f3 intestada y las propiedades ser\u00edan heredadas a sus hijos. Primero, Andr\u00e9s S\u00cd minti\u00f3 al no declarar la propiedad de esos inmuebles. Segundo, el ocultar informaci\u00f3n es otra manera de mentir, ya que los departamentos est\u00e1n ah\u00ed y son propiedad de su familia; hasta el momento \u00e9l es el albacea y uno de los actores de la conflictiva judicial. El palad\u00edn de la honestidad valiente, atrapado una vez m\u00e1s en mentiras. *** Legisladores de la Comisi\u00f3n de Salud del Congreso de Guatemala se reunieron con el gobernador de Guanajuato, Miguel M\u00e1rquez, para hablar del sistema de almacenamiento, administraci\u00f3n y distribuci\u00f3n de las medicinas en el estado bajo la operaci\u00f3n del programa \u201cSalud en Control\u201d que desarroll\u00f3 INTERMED, bajo el liderazgo de Abelardo Monroy. Desde su implementaci\u00f3n el gobierno guanajuatense ahorr\u00f3 el 30% y alanz\u00f3 un nivel de satisfacci\u00f3n del usuario del 98%. La eficiencia del sistema de salud de Guanajuato despert\u00f3 el inter\u00e9s de algunos pa\u00edses latinoamericanos como Guatemala y Panam\u00e1. *** Alejandra Barrales, l\u00edder del PRD, tuvo mucho tiempo para platicar con el gobernador de Michoac\u00e1n, Silvano Aureoles, en un \u201cavent\u00f3n\u201d que le dio el Ejecutivo estatal a la l\u00edder amarilla. Las aspiraciones presidenciales de Aureoles chocan con las de Miguel Mancera del gobierno de la CDMX que hace equipo con Alejandra. \u00bfDe qu\u00e9 parlamentaron? Pues de la sucesi\u00f3n presidencial.<\/p>\n<p><strong>RESPONSABILIDAD SOCIAL CORPORATIVA<\/strong>.- Daniel Bandle, el nuevo presidente ejecutivo de AXA Seguros en M\u00e9xico, a partir de 2017, har\u00e1 p\u00fablicas sus estad\u00edsticas de siniestros de auto. Cada a\u00f1o, seg\u00fan AXA, pierden la vida m\u00e1s de 15 mil personas en todo el pa\u00eds a causa de la inseguridad vial, por lo que esta informaci\u00f3n pone al alcance de la sociedad datos confiables que ayuden a diagnosticar problemas viales para mejorar la prevenci\u00f3n y la movilidad. As\u00ed AXA se aliena a la visi\u00f3n de la Organizaci\u00f3n Mundial de la Salud, para dise\u00f1ar mejores pol\u00edticas p\u00fablicas e identificar conductas que ocasionan muertes y lesiones por percances viales.<\/p>\n<p><a href=\"mailto:vsanchezb@gmail.com\" target=\"_blank\"><em>vsanchezb@gmail.com<br \/>\n<\/em><\/a><em><strong>Twitter:<\/strong><a href=\"https:\/\/twitter.com\/vsanchezbanos\" target=\"_blank\">@vsanchezbano<br \/>\n<\/a><\/em><em><strong>Facebook:\u00a0<\/strong><a href=\"https:\/\/www.facebook.com\/vsanchezbanos?fref=ts\" target=\"_blank\">vsanchezbano<\/a><\/em><\/p>\n","protected":false},"excerpt":{"rendered":"<p><span style=\"color: #005497;\"><strong>V\u00edctor S\u00e1nchez Ba\u00f1os<\/strong><\/span><\/p>\n","protected":false},"author":3,"featured_media":0,"comment_status":"open","ping_status":"open","sticky":false,"template":"","format":"standard","meta":{"_monsterinsights_skip_tracking":false,"_monsterinsights_sitenote_active":false,"_monsterinsights_sitenote_note":"","_monsterinsights_sitenote_category":0,"footnotes":""},"categories":[38844],"tags":[43674,38847,38848],"class_list":["post-291438","post","type-post","status-publish","format-standard","hentry","category-victor-sanchez-banos","tag-opinion","tag-poder-y-dinero","tag-victor-sanchez-banos"],"_links":{"self":[{"href":"https:\/\/www.diarioimagen.net\/index.php?rest_route=\/wp\/v2\/posts\/291438","targetHints":{"allow":["GET"]}}],"collection":[{"href":"https:\/\/www.diarioimagen.net\/index.php?rest_route=\/wp\/v2\/posts"}],"about":[{"href":"https:\/\/www.diarioimagen.net\/index.php?rest_route=\/wp\/v2\/types\/post"}],"author":[{"embeddable":true,"href":"https:\/\/www.diarioimagen.net\/index.php?rest_route=\/wp\/v2\/users\/3"}],"replies":[{"embeddable":true,"href":"https:\/\/www.diarioimagen.net\/index.php?rest_route=%2Fwp%2Fv2%2Fcomments&post=291438"}],"version-history":[{"count":0,"href":"https:\/\/www.diarioimagen.net\/index.php?rest_route=\/wp\/v2\/posts\/291438\/revisions"}],"wp:attachment":[{"href":"https:\/\/www.diarioimagen.net\/index.php?rest_route=%2Fwp%2Fv2%2Fmedia&parent=291438"}],"wp:term":[{"taxonomy":"category","embeddable":true,"href":"https:\/\/www.diarioimagen.net\/index.php?rest_route=%2Fwp%2Fv2%2Fcategories&post=291438"},{"taxonomy":"post_tag","embeddable":true,"href":"https:\/\/www.diarioimagen.net\/index.php?rest_route=%2Fwp%2Fv2%2Ftags&post=291438"}],"curies":[{"name":"wp","href":"https:\/\/api.w.org\/{rel}","templated":true}]}}