{"id":291515,"date":"2016-09-30T00:01:36","date_gmt":"2016-09-30T05:01:36","guid":{"rendered":"http:\/\/www.diarioimagen.net\/?p=291515"},"modified":"2016-09-30T07:12:13","modified_gmt":"2016-09-30T12:12:13","slug":"el-airbus-a321-llego-de-hamburgo-a-toluca-para-sumarse-a-la-flota-de-interjet-configurado-para-que-el-pasajero-tenga-mas-espacio","status":"publish","type":"post","link":"https:\/\/www.diarioimagen.net\/?p=291515","title":{"rendered":"El <em>Airbus A321<\/em> lleg\u00f3 de Hamburgo a Toluca para sumarse a la flota de Interjet. Configurado para que el pasajero tenga m\u00e1s espacio"},"content":{"rendered":"<h2>De cinco estrellas<\/h2>\n<h5>Victoria Gonz\u00e1lez Prado<\/h5>\n<p>&nbsp;<\/p>\n<ul>\n<li><em><strong>Turismo de negocios deja derrama en M\u00e9xico por 263.2 mil millones de pesos y crece 7.1 por ciento<\/strong><\/em><\/li>\n<li><em><strong>Casi mil personas disfrutaron la degustaci\u00f3n de la <\/strong><\/em><strong>Enchilada Monumental<\/strong><em><strong>, durante la inauguraci\u00f3n del <\/strong><\/em><strong>Festival de la\u00a0 Enchilada<\/strong><\/li>\n<\/ul>\n<p>&nbsp;<\/p>\n<div id=\"attachment_291591\" style=\"width: 430px\" class=\"wp-caption aligncenter\"><a href=\"http:\/\/www.diarioimagen.net\/?attachment_id=291591\" rel=\"attachment wp-att-291591\"><img loading=\"lazy\" decoding=\"async\" aria-describedby=\"caption-attachment-291591\" class=\"size-large wp-image-291591\" src=\"http:\/\/www.diarioimagen.net\/wp-content\/uploads\/2016\/09\/turismo-2965-420x213.jpg\" alt=\"El Airbus A321, de Interjet.\" width=\"420\" height=\"213\" srcset=\"https:\/\/www.diarioimagen.net\/wp-content\/uploads\/2016\/09\/turismo-2965-420x213.jpg 420w, https:\/\/www.diarioimagen.net\/wp-content\/uploads\/2016\/09\/turismo-2965-240x122.jpg 240w, https:\/\/www.diarioimagen.net\/wp-content\/uploads\/2016\/09\/turismo-2965.jpg 700w\" sizes=\"auto, (max-width: 420px) 100vw, 420px\" \/><\/a><p id=\"caption-attachment-291591\" class=\"wp-caption-text\">El Airbus A321, de Interjet.<\/p><\/div>\n<p>&nbsp;<\/p>\n<p>El primero de los tres aviones <em>Airbus A321<\/em>, que se suman a la flota de Interjet de 44 <em>Aiirbus <\/em>y 22 <em>Superjet 100, <\/em>lo recibieron hace unos d\u00edas. \u201cEstos equipos, que cuentan con una mayor capacidad de asientos, ser\u00e1n utilizados para atender rutas de alta densidad operadas desde el Aeropuerto Internacional de la Ciudad de M\u00e9xico a destinos como Canc\u00fan, Monterrey y Tijuana, lo que nos permitir\u00e1 elevar nuestra eficiencia operativa\u201d, asegur\u00f3 <strong>Jos\u00e9 Luis Garza<\/strong>, director general de Interjet.<\/p>\n<p>No obstante que el avi\u00f3n puede trasladar hasta 230 personas, est\u00e1 configurado para transportar 192 pasajeros, conservando el sello caracter\u00edstico de la marca de ofrecer el espacio entre asientos m\u00e1s amplio de la industria (86 cm entre filas). Adicionalmente la aeronave es la \u201cPrimera en Am\u00e9rica Latina\u201d en contar con el m\u00e1s nuevo sistema de entretenimiento llamado <em>\u201ceXo\u201d<\/em> de <em>Panasonic Avionics <\/em>con pantallas HD de 12\u201d para un mejor servicio a bordo.<\/p>\n<p>La incorporaci\u00f3n de estos aviones, equipados con dispositivos <em>Sharklets <\/em>que proporcionan un menor consumo de combustible, permite mantener una de las flotas a\u00e9reas m\u00e1s modernas del mundo.<\/p>\n<p>\u201cEstamos muy emocionados de incorporar a nuestra flota uno de los aviones m\u00e1s eficientes y de m\u00e1s alto desempe\u00f1o\u201d, abund\u00f3 <strong>Jos\u00e9 Luis Garza<\/strong>.<\/p>\n<p>La primera aeronave ya fue trasladada desde Hamburgo, Alemania, al Centro de Mantenimiento de l\u00ednea a\u00e9rea en Toluca, mientras que la entrega de las dos unidades restantes se tiene contemplada para el pr\u00f3ximo mes de octubre.<\/p>\n<p>\u00abAl ser un operador de A320 desde hace mucho tiempo, Interjet est\u00e1 familiarizada con el\u00a0 incomparable concepto de confort, el ahorro de combustible y la gran rentabilidad, lo cual hace destacar a la familia A320,\u201d dijo <strong>Rafael Alonso<\/strong>, presidente de <em>Airbus<\/em> para Am\u00e9rica Latina y el Caribe. \u201cAdem\u00e1s de ofrecer los costes operativos por asiento m\u00e1s bajos, el A321 es la soluci\u00f3n ideal, entre los aviones de su categor\u00eda, para aeropuertos congestionados como el Aeropuerto Internacional de la Ciudad de M\u00e9xico, y elde Canc\u00fan\u201d.<\/p>\n<p>\u2730\u2730\u2730\u2730\u2730 En los \u00faltimos a\u00f1os, el turismo de negocios ha ido creciendo y retomando su verdadera importancia dentro de la econom\u00eda del pa\u00eds. Tan s\u00f3lo en 2015 gener\u00f3 actividad econ\u00f3mica por 263.2 mil millones de pesos y un crecimiento en el n\u00famero de viajeros de negocios del 7.1%, en tanto que la combinaci\u00f3n de viajes de negocios con destinos nacionales e internacionales mostr\u00f3 un aumento en 9.9%, seg\u00fan <em>Carlson Wagonlit Travel<\/em> (CWT), empresa global l\u00edder en la gesti\u00f3n de viajes de negocios, mismo que tienen una importante funci\u00f3n en M\u00e9xico, ya que aportan el 1.4% del total del PIB y crean m\u00e1s de 1.2 millones de empleos, lo que derrama un total de 70 mil millones en salarios.<\/p>\n<p>Durante la visita de <strong>Eduardo Rebello<\/strong> <strong>de Andrade<\/strong>, vicepresidente y director general de CWT para Latinoam\u00e9rica, se explic\u00f3 que a pesar de la situaci\u00f3n econ\u00f3mica global, la industria de viajes de negocios, sigue teniendo un importante crecimiento, logrando beneficiar a las TMCs, agencias de viajes, aerol\u00edneas, hoteles, arrendadoras de carros, centros de negocios, entre otras.<\/p>\n<p>\u201cTenemos 87 a\u00f1os de s\u00f3lida operaci\u00f3n en el mercado mexicano y conocemos muy bien al sector turismo de negocios en M\u00e9xico, lo que nos posiciona como l\u00edderes en el sector\u201d, afirm\u00f3 <strong>Rebello<\/strong>.<\/p>\n<p>Explic\u00f3 que otra gran oportunidad que ve la empresa en nuestro pa\u00eds, es el sector petrolero y las m\u00e1s de 5 millones de Pymes, en las cuales la empresa puede monitorear el \u201cviaje perfecto\u201d, ya que no se trata de que no existan interrupciones o cambios inesperados, sino que la tecnolog\u00eda y las herramientas con las que cuentan hagan posible que las empresas gestionen cualquier contratiempo de manera r\u00e1pida y proactiva.<\/p>\n<p><strong>Rebello<\/strong> asegur\u00f3 que M\u00e9xico es un polo de importante crecimiento en la regi\u00f3n y se suma al impacto econ\u00f3mico y de desarrollo que tiene Am\u00e9rica Latina para la empresa. \u201cConsideramos que no es solamente una regi\u00f3n, sino un conglomerado de pa\u00edses con estados potenciales que producen resultados macroecon\u00f3micos.<\/p>\n<p>Los pa\u00edses que integran la zona son clave en el crecimiento global, ya que generan la movilidad de muchas industrias y de viajes corporativos sin excepci\u00f3n\u201d.<\/p>\n<p>En cuanto al panorama en Latinoam\u00e9rica, hay que entender que es una regi\u00f3n clave para el crecimiento de los viajes de negocios, sin embargo, se ha tenido que poner especial atenci\u00f3n a mercados complejos como Brasil, adem\u00e1s del nuevo presidente Michael Temer y su intento en reactivar la econom\u00eda, que m\u00e1s bien se redujo a un 3.8% en 2015.<\/p>\n<p>Por ello, la empresa constantemente ofrece productos diferentes para los sectores <em>Meetings &amp; Events<\/em> y de Entretenimiento.<\/p>\n<p>Colombia por su parte, fue la sede del Foro Econ\u00f3mico Mundial de este a\u00f1o, proyectando un crecimiento econ\u00f3mico del 25% para el 2016.<\/p>\n<p>Sin duda, una herramienta clave para el desarrollo empresarial en el mundo, es el turismo de negocios, algo indispensable para el empresario moderno y qu\u00e9 mejor que contar con la asesor\u00eda de compa\u00f1\u00edas dedicadas a esta gesti\u00f3n que ayudan a optimizar y facilitar los viajes.<\/p>\n<p>\u2730\u2730\u2730\u2730\u2730 El director de Difusi\u00f3n y Promoci\u00f3n de la Secretar\u00eda de Turismo del estado de Guanajuato, <strong>Ricardo V\u00e1zquez L\u00f3pez,<\/strong> en representaci\u00f3n del secretario de Turismo, <strong>Fernando Olivera Rocha<\/strong>, estuvo en el corte de list\u00f3n de la inauguraci\u00f3n de la segunda edici\u00f3n del Festival de la Enchilada.<\/p>\n<p><strong>V\u00e1zquez L\u00f3pez<\/strong> dijo que del 23 al 25 de septiembre se realiz\u00f3 el evento\u00a0 en el que casi mil personas disfrutaron de la degustaci\u00f3n de la Enchilada Monumental preparada por alumnos de la carrera de gastronom\u00eda de la Universidad de Guanajuato, la Universidad Tecnol\u00f3gica de Le\u00f3n y la Universidad Santa Fe, as\u00ed como por las Cocineras Tradicionales Guanajuatenses.<\/p>\n<p>Con esta verbena, en el Jard\u00edn de la Uni\u00f3n de Guanajuato capital, inici\u00f3 el \u2018Festival de la Enchilada\u2019 organizado por la C\u00e1mara Nacional de la Industria de Restaurantes y Alimentos Condimentados (Canirac) Guanajuato.<\/p>\n<p>Este a\u00f1o se cont\u00f3 con la participaci\u00f3n de los restaurantes La Taula, El Midi Bistro, El Canastillo de Flores, Don Ol\u00e9, La Capellina, A Punto, El Tapat\u00edo, Gato Bohemio, La Tasca de la Paz, Van Gogh, Caf\u00e9 Bossanova, Hotel Posada Santa Fe, Casa Ofelia y La Oreja de Van Gogh, donde se ofreci\u00f3 este platillo que va desde las tradicionales enchiladas mineras, hasta las enchiladas en mole de fresa, rellenas de pato confitado, acompa\u00f1adas de queso y crema de rancho con un toque de xoconostle cristalizado.<\/p>\n<p><em><a href=\"mailto:victoriagprado@gmail.com\" target=\"_blank\">victoriagprado@gmail.com<\/a><\/em><br \/>\n<em> Twitter: <a href=\"https:\/\/twitter.com\/victoriagprado\" target=\"_blank\">@victoriagprado<\/a><\/em><\/p>\n","protected":false},"excerpt":{"rendered":"<p>El primero de los tres aviones <em>Airbus A321<\/em>, que se suman a la flota de Interjet de 44 <em>Aiirbus <\/em>y 22 <em>Superjet 100, <\/em>lo recibieron hace unos d\u00edas. \u201cEstos equipos, que cuentan con una mayor capacidad de asientos, ser\u00e1n utilizados para atender rutas de alta densidad operadas desde el Aeropuerto Internacional de la Ciudad de M\u00e9xico a destinos como Canc\u00fan, Monterrey y Tijuana, lo que nos permitir\u00e1 elevar nuestra eficiencia operativa\u201d, asegur\u00f3 <strong>Jos\u00e9 Luis Garza<\/strong>, director general de Interjet.<\/p>\n","protected":false},"author":3,"featured_media":291591,"comment_status":"open","ping_status":"open","sticky":false,"template":"","format":"standard","meta":{"_monsterinsights_skip_tracking":false,"_monsterinsights_sitenote_active":false,"_monsterinsights_sitenote_note":"","_monsterinsights_sitenote_category":0,"footnotes":""},"categories":[11],"tags":[107,43674,43681,106],"class_list":["post-291515","post","type-post","status-publish","format-standard","has-post-thumbnail","hentry","category-turismo","tag-de-cinco-estrellas","tag-opinion","tag-turismo","tag-victoria-gonzalez-prado"],"_links":{"self":[{"href":"https:\/\/www.diarioimagen.net\/index.php?rest_route=\/wp\/v2\/posts\/291515","targetHints":{"allow":["GET"]}}],"collection":[{"href":"https:\/\/www.diarioimagen.net\/index.php?rest_route=\/wp\/v2\/posts"}],"about":[{"href":"https:\/\/www.diarioimagen.net\/index.php?rest_route=\/wp\/v2\/types\/post"}],"author":[{"embeddable":true,"href":"https:\/\/www.diarioimagen.net\/index.php?rest_route=\/wp\/v2\/users\/3"}],"replies":[{"embeddable":true,"href":"https:\/\/www.diarioimagen.net\/index.php?rest_route=%2Fwp%2Fv2%2Fcomments&post=291515"}],"version-history":[{"count":0,"href":"https:\/\/www.diarioimagen.net\/index.php?rest_route=\/wp\/v2\/posts\/291515\/revisions"}],"wp:featuredmedia":[{"embeddable":true,"href":"https:\/\/www.diarioimagen.net\/index.php?rest_route=\/wp\/v2\/media\/291591"}],"wp:attachment":[{"href":"https:\/\/www.diarioimagen.net\/index.php?rest_route=%2Fwp%2Fv2%2Fmedia&parent=291515"}],"wp:term":[{"taxonomy":"category","embeddable":true,"href":"https:\/\/www.diarioimagen.net\/index.php?rest_route=%2Fwp%2Fv2%2Fcategories&post=291515"},{"taxonomy":"post_tag","embeddable":true,"href":"https:\/\/www.diarioimagen.net\/index.php?rest_route=%2Fwp%2Fv2%2Ftags&post=291515"}],"curies":[{"name":"wp","href":"https:\/\/api.w.org\/{rel}","templated":true}]}}