{"id":291566,"date":"2016-09-30T00:04:57","date_gmt":"2016-09-30T05:04:57","guid":{"rendered":"http:\/\/www.diarioimagen.net\/?p=291566"},"modified":"2016-09-30T07:20:41","modified_gmt":"2016-09-30T12:20:41","slug":"hallan-9-cadaveres-en-el-lago-de-chapala","status":"publish","type":"post","link":"https:\/\/www.diarioimagen.net\/?p=291566","title":{"rendered":"Hallan 9 cad\u00e1veres en el lago de Chapala"},"content":{"rendered":"<ul>\n<li><strong><em>Tres estaban desmembrados<\/em><\/strong><\/li>\n<\/ul>\n<p>&nbsp;<\/p>\n<div id=\"attachment_291641\" style=\"width: 430px\" class=\"wp-caption aligncenter\"><a href=\"http:\/\/www.diarioimagen.net\/?attachment_id=291641\" rel=\"attachment wp-att-291641\"><img loading=\"lazy\" decoding=\"async\" aria-describedby=\"caption-attachment-291641\" class=\"size-large wp-image-291641\" src=\"http:\/\/www.diarioimagen.net\/wp-content\/uploads\/2016\/09\/CHAPALA-2965-420x236.jpg\" alt=\"Se confirm\u00f3 la localizaci\u00f3n de nueve cuerpos en el lago de Chapala, ocho hombres y una mujer.\" width=\"420\" height=\"236\" srcset=\"https:\/\/www.diarioimagen.net\/wp-content\/uploads\/2016\/09\/CHAPALA-2965-420x236.jpg 420w, https:\/\/www.diarioimagen.net\/wp-content\/uploads\/2016\/09\/CHAPALA-2965-240x135.jpg 240w, https:\/\/www.diarioimagen.net\/wp-content\/uploads\/2016\/09\/CHAPALA-2965-235x132.jpg 235w, https:\/\/www.diarioimagen.net\/wp-content\/uploads\/2016\/09\/CHAPALA-2965-202x114.jpg 202w, https:\/\/www.diarioimagen.net\/wp-content\/uploads\/2016\/09\/CHAPALA-2965-350x196.jpg 350w, https:\/\/www.diarioimagen.net\/wp-content\/uploads\/2016\/09\/CHAPALA-2965-220x123.jpg 220w, https:\/\/www.diarioimagen.net\/wp-content\/uploads\/2016\/09\/CHAPALA-2965-237x132.jpg 237w, https:\/\/www.diarioimagen.net\/wp-content\/uploads\/2016\/09\/CHAPALA-2965.jpg 480w\" sizes=\"auto, (max-width: 420px) 100vw, 420px\" \/><\/a><p id=\"caption-attachment-291641\" class=\"wp-caption-text\">Se confirm\u00f3 la localizaci\u00f3n de nueve cuerpos en el lago de Chapala, ocho hombres y una mujer.<\/p><\/div>\n<p>&nbsp;<\/p>\n<p>Luego que un grupo de pescadores del lago de Chapala se asombr\u00f3 con el hallazgo de cad\u00e1veres, el fiscal general de Justicia de Jalisco, Eduardo Almaguer, confirm\u00f3 la localizaci\u00f3n de nueve cuerpos, ocho hombres y una mujer, de los cuales tres ten\u00edan las huellas de haber sido desmembrados.<\/p>\n<p>El funcionario indic\u00f3 que de inmediato se dio aviso a los estados de Michoac\u00e1n y Guanajuato, en virtud que en Jalisco desde hace un mes no se tiene ninguna denuncia de desapariciones, ni de privaci\u00f3n ilegal de la libertad.<\/p>\n<p>Se tiene la hip\u00f3tesis que seis cuerpo fueron arrojados al r\u00edo Lerma y que debido a la recuperaci\u00f3n de un metro que ha tenido el vaso lacustre en sus niveles, por los recientes desfogues de agua pluvial, \u00e9stos fueron arrastrados hasta Jalisco, lo que es la Cuenca del Lerma, y en consecuencia a Chapala.<\/p>\n<p>Al iniciarse la investigaci\u00f3n, se precis\u00f3 que el sitio exacto donde fueron encontrados los cuerpos, pertenece al municipio de Jamay, aunque el macagro hallazgo fue trasladado a la morgue de la ciudad de Ocotl\u00e1n.<\/p>\n<p>Las declaraciones que se tienen hasta el momento, s\u00f3lo es de los pescadores que se percataron que en el agua hab\u00eda restos humanos, por lo que decidieron dar aviso a las autoridades.<\/p>\n<p>En Jalisco no hay reportes recientes de desapariciones y por eso la noticia se difundi\u00f3 profusamente en Michoac\u00e1n y Guanajuato.<\/p>\n<p style=\"text-align: center;\"><strong>Enfrentamientos entre bandas dejan 7 muertos<\/strong><\/p>\n<p>Por otra parte, enfrentamientos entre bandas rivales que pretenden el control de Ciudad Victoria dejaron siete muertos en la capital del estado de Tamaulipas, entidad fronteriza con Texas, informaron ayer las autoridades.<\/p>\n<p>Los hechos ocurrieron el mi\u00e9rcoles en tres incidentes diferentes en Ciudad Victoria, donde al menos tres bandas luchan por el control de territorios, seg\u00fan un comunicado del Grupo de\u00a0 Coordinaci\u00f3n Tamaulipas, una entidad que se encarga de la seguridad en el estado.<\/p>\n<p>El primer enfrentamiento a tiros tuvo lugar en un domicilio donde fueron ejecutados cuatro hombres a quienes los atacantes preguntaron antes por un miembro de una banda rival, al no obtener una respuesta favorable, los balearon.<\/p>\n<p>&nbsp;<\/p>\n","protected":false},"excerpt":{"rendered":"<p>Luego que un grupo de pescadores del lago de Chapala se asombr\u00f3 con el hallazgo de cad\u00e1veres, el fiscal general de Justicia de Jalisco, Eduardo Almaguer, confirm\u00f3 la localizaci\u00f3n de nueve cuerpos, ocho hombres y una mujer, de los cuales tres ten\u00edan las huellas de haber sido desmembrados.<\/p>\n","protected":false},"author":3,"featured_media":291641,"comment_status":"open","ping_status":"open","sticky":false,"template":"","format":"standard","meta":{"_monsterinsights_skip_tracking":false,"_monsterinsights_sitenote_active":false,"_monsterinsights_sitenote_note":"","_monsterinsights_sitenote_category":0,"footnotes":""},"categories":[7],"tags":[7768,4916,43692,43677],"class_list":["post-291566","post","type-post","status-publish","format-standard","has-post-thumbnail","hentry","category-seguridad","tag-cadaveres","tag-ciudad-victoria","tag-salud","tag-seguridad"],"_links":{"self":[{"href":"https:\/\/www.diarioimagen.net\/index.php?rest_route=\/wp\/v2\/posts\/291566","targetHints":{"allow":["GET"]}}],"collection":[{"href":"https:\/\/www.diarioimagen.net\/index.php?rest_route=\/wp\/v2\/posts"}],"about":[{"href":"https:\/\/www.diarioimagen.net\/index.php?rest_route=\/wp\/v2\/types\/post"}],"author":[{"embeddable":true,"href":"https:\/\/www.diarioimagen.net\/index.php?rest_route=\/wp\/v2\/users\/3"}],"replies":[{"embeddable":true,"href":"https:\/\/www.diarioimagen.net\/index.php?rest_route=%2Fwp%2Fv2%2Fcomments&post=291566"}],"version-history":[{"count":0,"href":"https:\/\/www.diarioimagen.net\/index.php?rest_route=\/wp\/v2\/posts\/291566\/revisions"}],"wp:featuredmedia":[{"embeddable":true,"href":"https:\/\/www.diarioimagen.net\/index.php?rest_route=\/wp\/v2\/media\/291641"}],"wp:attachment":[{"href":"https:\/\/www.diarioimagen.net\/index.php?rest_route=%2Fwp%2Fv2%2Fmedia&parent=291566"}],"wp:term":[{"taxonomy":"category","embeddable":true,"href":"https:\/\/www.diarioimagen.net\/index.php?rest_route=%2Fwp%2Fv2%2Fcategories&post=291566"},{"taxonomy":"post_tag","embeddable":true,"href":"https:\/\/www.diarioimagen.net\/index.php?rest_route=%2Fwp%2Fv2%2Ftags&post=291566"}],"curies":[{"name":"wp","href":"https:\/\/api.w.org\/{rel}","templated":true}]}}