{"id":291601,"date":"2016-09-30T00:02:02","date_gmt":"2016-09-30T05:02:02","guid":{"rendered":"http:\/\/www.diarioimagen.net\/?p=291601"},"modified":"2016-09-30T06:40:11","modified_gmt":"2016-09-30T11:40:11","slug":"adopciones-criminales","status":"publish","type":"post","link":"https:\/\/www.diarioimagen.net\/?p=291601","title":{"rendered":"Adopciones criminales"},"content":{"rendered":"<h2>Poder y dinero<\/h2>\n<h5>V\u00edctor S\u00e1nchez Ba\u00f1os<\/h5>\n<p><em><br \/>\n<\/em><\/p>\n<p style=\"text-align: right;\"><em>Un hombre que no sabe ser un buen padre, no es un aut\u00e9ntico hombre.<br \/>\n<strong>Mario Puzo (1920-1999) Escritor estadounidense.<\/strong><\/em><\/p>\n<p>&nbsp;<\/p>\n<p>En el pa\u00eds existe un gran debate sobre el derecho a las parejas de homosexuales, bisexuales y transg\u00e9nero a adoptar ni\u00f1os. Con mayor profundidad a la discusi\u00f3n sobre las bodas (contratos civiles de acuerdo a la ley) gay, es la de adopci\u00f3n en esas comunidades.<\/p>\n<p>Sin entrar a ese torbellino de pasiones en favor o en contra, en lo personal la adopci\u00f3n en M\u00e9xico, es un crimen, donde el Estado abandona a miles de ni\u00f1os y adolescentes a su suerte, luego de entregarlos a parejas de homosexuales o heterosexuales.<\/p>\n<p>No importa el \u201cg\u00e9nero\u201d. El riesgo de abusos y vejaciones, son enormes.<\/p>\n<p>Desde 1985 se cambiaron las leyes para que las adopciones no sean \u00fanicamente la entrega del ni\u00f1o a las parejas, como \u201cadopci\u00f3n simple\u201d, sino que sea una \u201cadopci\u00f3n plena\u201d, donde el ni\u00f1o cuente con todos los derechos de un \u201chijo biol\u00f3gico\u201d y al adoptado se le informe de su situaci\u00f3n jur\u00eddica y familiar desde temprana edad.<\/p>\n<p>Sin embargo, pese a esos p\u00edrricos avances, hay un abandono total de esos ni\u00f1os adoptados.<\/p>\n<p>Instituciones privadas, en muchos casos, no cuentan con la supervisi\u00f3n del estado y \u00e9ste no tiene la obligaci\u00f3n de adoptar protocolos que protejan al infante f\u00edsica y mentalmente, mediante el trabajo social de especialistas que los visiten peri\u00f3dicamente y realicen estudios para evitar los abusos recurrentes.<\/p>\n<p>Lo que es peor, ahora los legisladores, como una moda, pugnan por la adopci\u00f3n por parejas del mismo sexo como si los ni\u00f1os fueran una mercanc\u00eda de la cual el Estado tiene inter\u00e9s de deshacerse lo m\u00e1s pronto posible para no tener \u201cfugas presupuestales\u201d.<\/p>\n<p>Estos legisladores deber\u00edan revisar total y plenamente todas las instituciones p\u00fablicas y privadas, que tienen ni\u00f1os bajo su responsabilidad, sus actividades y trabajo en bienestar de los infantes y j\u00f3venes. Lo mismo, con los \u201cpadres adoptivos\u201d.<\/p>\n<p>El marco jur\u00eddico es rid\u00edculo. Hay diferencias en las leyes de todos los estados y, prefieren hacerse de la vista gorda ante el abandono de miles de infantes.<\/p>\n<p>Y, digo miles, ya que no hay una estad\u00edstica (como en otros factores vitales de la sociedad) de cu\u00e1ntos ni\u00f1os est\u00e1n en espera de ser adoptados y cu\u00e1ntos en casas de asistencia p\u00fablica, como privada.<\/p>\n<p>El abandono es criminal. Mientras en naciones muy desarrolladas los ni\u00f1os son cuidados desde que nacen hasta que son adultos, en M\u00e9xico simplemente pareciera que no existiera algo as\u00ed como 25 mil seres humanos (seg\u00fan estimaciones del DIF).<\/p>\n<p>En Israel el cuidado y respeto de los ni\u00f1os es de tal magnitud que sus leyes tienen implicaciones muy severas contra quienes abusan o hieren f\u00edsica o mentalmente de ellos. En Estados Unidos, Canad\u00e1, Europa y otras naciones, la adopci\u00f3n es cosa seria y el Estado jam\u00e1s abandona a los adoptados. Su responsabilidad no es s\u00f3lo jur\u00eddica, sino moral.<\/p>\n<p>En M\u00e9xico, los legisladores est\u00e1n m\u00e1s preocupados por modificar leyes electorales para mantenerse en el poder que defender el futuro del pa\u00eds.<\/p>\n<p>Y, digo proteger a la ni\u00f1ez, incluso de sus padres biol\u00f3gicos que les hagan da\u00f1o.<\/p>\n<p>PODEROSOS CABALLEROS.- Durante su participaci\u00f3n en el 67 Congreso Internacional de Astron\u00e1utica, Gerardo Ruiz Esparza, titular de la SCT, dej\u00f3 claro que la reforma en telecomunicaciones, ya est\u00e1 dando sus frutos en la econom\u00eda de la sociedad mexicana.<\/p>\n<p>Un ejemplo es el Sistema Mexsat, uno de los sistemas satelitales m\u00e1s avanzados del mundo que brinda servicios de conectividad y protecci\u00f3n civil mediante el Bicentenario y el Morelos 3; la Agencia Espacial Mexicana, creada durante esta administraci\u00f3n.<\/p>\n<p>*** La autopartera japonesa UMC Electronics, bajo la presidencia de Uchiyama Shigeki, invertir\u00e1 alrededor de 17 millones de d\u00f3lares para instalarse en Jalisco, entidad gobernada por Arist\u00f3teles Sandoval. La planta iniciar\u00e1 operaciones a principios del 2017. Se comprometi\u00f3 a crear mil empleos directos.<\/p>\n<p><strong>RESPONSABILIDAD SOCIAL CORPORATIVA<\/strong>.- Con gran \u00e9xito se llev\u00f3 a cabo la conferencia magistral #WeAreLeaders del consultor internacional en oratoria, debate y media training, Yago de Marta, celebrada durante el ciclo \u201cComunicaci\u00f3n y Liderazgo\u201d, organizado por Grupo Salinas y Kybernus A.C., el pasado fin de semana en el Colegio de Ingenieros Civiles de M\u00e9xico. Ante m\u00e1s de 300 personas, principalmente j\u00f3venes \u201ckybernautas\u201d que acudieron desde diferentes estados de la rep\u00fablica mexicana, Yago de Marta expuso sus principales conceptos sobre liderazgo. Sin duda alguna, la apuesta de Ricardo Salinas Pliego, a trav\u00e9s de Kybernus, para fomentar y promover el pensamiento, los valores y compromiso entre los j\u00f3venes mexicanos, es una muestra clara que en M\u00e9xico podemos crecer, s\u00f3lo falta la idea y talento. Adelante Kybernus.<\/p>\n<p><a href=\"mailto:vsanchezb@gmail.com\" target=\"_blank\"><em>vsanchezb@gmail.com<br \/>\n<\/em><\/a><em><strong>Twitter:<\/strong><a href=\"https:\/\/twitter.com\/vsanchezbanos\" target=\"_blank\">@vsanchezbano<br \/>\n<\/a><\/em><em><strong>Facebook:\u00a0<\/strong><a href=\"https:\/\/www.facebook.com\/vsanchezbanos?fref=ts\" target=\"_blank\">vsanchezbano<\/a><\/em><\/p>\n","protected":false},"excerpt":{"rendered":"<p><span style=\"color: #005497;\"><strong>V\u00edctor S\u00e1nchez Ba\u00f1os<\/strong><\/span><\/p>\n","protected":false},"author":3,"featured_media":0,"comment_status":"open","ping_status":"open","sticky":false,"template":"","format":"standard","meta":{"_monsterinsights_skip_tracking":false,"_monsterinsights_sitenote_active":false,"_monsterinsights_sitenote_note":"","_monsterinsights_sitenote_category":0,"footnotes":""},"categories":[38844],"tags":[43674,38847,38848],"class_list":["post-291601","post","type-post","status-publish","format-standard","hentry","category-victor-sanchez-banos","tag-opinion","tag-poder-y-dinero","tag-victor-sanchez-banos"],"_links":{"self":[{"href":"https:\/\/www.diarioimagen.net\/index.php?rest_route=\/wp\/v2\/posts\/291601","targetHints":{"allow":["GET"]}}],"collection":[{"href":"https:\/\/www.diarioimagen.net\/index.php?rest_route=\/wp\/v2\/posts"}],"about":[{"href":"https:\/\/www.diarioimagen.net\/index.php?rest_route=\/wp\/v2\/types\/post"}],"author":[{"embeddable":true,"href":"https:\/\/www.diarioimagen.net\/index.php?rest_route=\/wp\/v2\/users\/3"}],"replies":[{"embeddable":true,"href":"https:\/\/www.diarioimagen.net\/index.php?rest_route=%2Fwp%2Fv2%2Fcomments&post=291601"}],"version-history":[{"count":0,"href":"https:\/\/www.diarioimagen.net\/index.php?rest_route=\/wp\/v2\/posts\/291601\/revisions"}],"wp:attachment":[{"href":"https:\/\/www.diarioimagen.net\/index.php?rest_route=%2Fwp%2Fv2%2Fmedia&parent=291601"}],"wp:term":[{"taxonomy":"category","embeddable":true,"href":"https:\/\/www.diarioimagen.net\/index.php?rest_route=%2Fwp%2Fv2%2Fcategories&post=291601"},{"taxonomy":"post_tag","embeddable":true,"href":"https:\/\/www.diarioimagen.net\/index.php?rest_route=%2Fwp%2Fv2%2Ftags&post=291601"}],"curies":[{"name":"wp","href":"https:\/\/api.w.org\/{rel}","templated":true}]}}