{"id":291676,"date":"2016-10-03T00:09:13","date_gmt":"2016-10-03T05:09:13","guid":{"rendered":"http:\/\/www.diarioimagen.net\/?p=291676"},"modified":"2016-10-03T00:17:18","modified_gmt":"2016-10-03T05:17:18","slug":"prepara-edomex-homenaje-a-shimon-peres-eruviel-avila","status":"publish","type":"post","link":"https:\/\/www.diarioimagen.net\/?p=291676","title":{"rendered":"Anuncian homenajes a Shimon Peres, premio Nobel de la Paz 1994"},"content":{"rendered":"<h2>Arco Norte<\/h2>\n<h5>Jos\u00e9 Luis Monta\u00f1ez Aguilar<\/h5>\n<p>&nbsp;<\/p>\n<ul>\n<li><em><strong>En coordinaci\u00f3n con la comunidad jud\u00eda<\/strong><\/em><\/li>\n<\/ul>\n<p>&nbsp;<\/p>\n<div id=\"attachment_291677\" style=\"width: 430px\" class=\"wp-caption aligncenter\"><a href=\"http:\/\/www.diarioimagen.net\/?attachment_id=291677\" rel=\"attachment wp-att-291677\"><img loading=\"lazy\" decoding=\"async\" aria-describedby=\"caption-attachment-291677\" class=\"size-large wp-image-291677\" src=\"http:\/\/www.diarioimagen.net\/wp-content\/uploads\/2016\/10\/HOMENAJE3ok-portal-420x245.jpg\" alt=\"Eruviel \u00c1vila Villegas convoc\u00f3 a los poderes p\u00fablicos de la entidad para realizar una serie de acciones en homenaje a Shimon Peres, ex presidente de Israel.\" width=\"420\" height=\"245\" srcset=\"https:\/\/www.diarioimagen.net\/wp-content\/uploads\/2016\/10\/HOMENAJE3ok-portal-420x245.jpg 420w, https:\/\/www.diarioimagen.net\/wp-content\/uploads\/2016\/10\/HOMENAJE3ok-portal-240x140.jpg 240w, https:\/\/www.diarioimagen.net\/wp-content\/uploads\/2016\/10\/HOMENAJE3ok-portal.jpg 480w\" sizes=\"auto, (max-width: 420px) 100vw, 420px\" \/><\/a><p id=\"caption-attachment-291677\" class=\"wp-caption-text\">Eruviel \u00c1vila Villegas convoc\u00f3 a los poderes p\u00fablicos de la entidad para realizar una serie de acciones en homenaje a Shimon Peres, ex presidente de Israel.<\/p><\/div>\n<p>&nbsp;<\/p>\n<p>Eruviel \u00c1vila Villegas convoc\u00f3 a los poderes p\u00fablicos de la entidad para que, en coordinaci\u00f3n con la comunidad jud\u00eda en M\u00e9xico, con presencia en el Estado de M\u00e9xico, se lleven a cabo una serie de acciones en homenaje a Shimon Peres, ex presidente de Israel, cuya labor le mereci\u00f3 el premio Nobel de la Paz en 1994, y quien falleciera el pasado 27 de septiembre.<\/p>\n<p>En Ecatepec, el gobernador expres\u00f3 en nombre del pueblo del Estado de M\u00e9xico, sus condolencias por el deceso de quien fuera dos veces ministro y presidente de Israel, acaecido a los 93 a\u00f1os de edad.<\/p>\n<p>Asimismo, destac\u00f3 la presencia del presidente Enrique Pe\u00f1a Nieto en Israel para participar en los funerales del pol\u00edtico, parlamentario, estadista y escritor quien obtuviera el Premio Nobel de la Paz en 1994, como promotor de la b\u00fasqueda de una salida pacifica en el conflicto palestino-israel\u00ed.<\/p>\n<p style=\"text-align: center;\"><strong>Destacan respaldo del Congreso para infraestructura<\/strong><\/p>\n<p>Al comparecer por la Glosa del Quinto Informe de Resultados del gobernador Eruviel \u00c1vila Villegas, el secretario de Infraestructura, Erasto Mart\u00ednez Rojas, reconoci\u00f3 el respaldo del Congreso mexiquense para la creaci\u00f3n de infraestructura que impulsa el desarrollo del Estado de M\u00e9xico.<\/p>\n<p>A la comparecencia de Mart\u00ednez Rojas asistieron integrantes de la Junta de Coordinaci\u00f3n Pol\u00edtica de la 59 Legislatura, encabezada por el diputado Cruz Juvenal Roa S\u00e1nchez y los presidentes de las comisiones unidas de Comunicaciones y Recursos Hidr\u00e1ulicos, Eric Sevilla Montes de Oca e Irazema Gonz\u00e1lez Mart\u00ednez Olivares, respectivamente.<\/p>\n<p>Ah\u00ed destac\u00f3 el desarrollo de obras de infraestructura que han procurado el desarrollo estatal y regional de la entidad, resaltando la innovaci\u00f3n que en diversas \u00e1reas ha impreso el Ejecutivo mexiquense a su gesti\u00f3n, destacando el caso del Mexicable, primer telef\u00e9rico que dar\u00e1 servicio de transporte p\u00fablico en el pa\u00eds. Resalt\u00f3 la consolidaci\u00f3n del sistema de transporte masivo Mexib\u00fas, que cada a\u00f1o traslada a 106 millones de pasajeros en sus tres rutas y 168 autobuses.<\/p>\n<p><em><a href=\"mailto:montanezaguilar@gmail.com\" target=\"_blank\">montanezaguilar@gmail.com<\/a><\/em><\/p>\n","protected":false},"excerpt":{"rendered":"<p><span style=\"color: #005497;\">Jos\u00e9 Luis Monta\u00f1ez Aguilar<\/span><br \/>\n<br \/>\nEruviel \u00c1vila Villegas convoc\u00f3 a los poderes p\u00fablicos de la entidad para que, en coordinaci\u00f3n con la comunidad jud\u00eda en M\u00e9xico, con presencia en el Estado de M\u00e9xico, se lleven a cabo una serie de acciones en homenaje a Shimon Peres, ex presidente de Israel, cuya labor le mereci\u00f3 el premio Nobel de la Paz en 1994, y quien falleciera el pasado 27 de septiembre.<\/p>\n","protected":false},"author":5,"featured_media":291677,"comment_status":"open","ping_status":"open","sticky":false,"template":"","format":"standard","meta":{"_monsterinsights_skip_tracking":false,"_monsterinsights_sitenote_active":false,"_monsterinsights_sitenote_note":"","_monsterinsights_sitenote_category":0,"footnotes":""},"categories":[5],"tags":[13284,5828,22932,43704,43674,29265],"class_list":["post-291676","post","type-post","status-publish","format-standard","has-post-thumbnail","hentry","category-estado-de-mexico","tag-arco-norte","tag-eruviel-avila-villegas","tag-homenaje","tag-jose-luis-montanez-aguilar","tag-opinion","tag-shimon-peres"],"_links":{"self":[{"href":"https:\/\/www.diarioimagen.net\/index.php?rest_route=\/wp\/v2\/posts\/291676","targetHints":{"allow":["GET"]}}],"collection":[{"href":"https:\/\/www.diarioimagen.net\/index.php?rest_route=\/wp\/v2\/posts"}],"about":[{"href":"https:\/\/www.diarioimagen.net\/index.php?rest_route=\/wp\/v2\/types\/post"}],"author":[{"embeddable":true,"href":"https:\/\/www.diarioimagen.net\/index.php?rest_route=\/wp\/v2\/users\/5"}],"replies":[{"embeddable":true,"href":"https:\/\/www.diarioimagen.net\/index.php?rest_route=%2Fwp%2Fv2%2Fcomments&post=291676"}],"version-history":[{"count":0,"href":"https:\/\/www.diarioimagen.net\/index.php?rest_route=\/wp\/v2\/posts\/291676\/revisions"}],"wp:featuredmedia":[{"embeddable":true,"href":"https:\/\/www.diarioimagen.net\/index.php?rest_route=\/wp\/v2\/media\/291677"}],"wp:attachment":[{"href":"https:\/\/www.diarioimagen.net\/index.php?rest_route=%2Fwp%2Fv2%2Fmedia&parent=291676"}],"wp:term":[{"taxonomy":"category","embeddable":true,"href":"https:\/\/www.diarioimagen.net\/index.php?rest_route=%2Fwp%2Fv2%2Fcategories&post=291676"},{"taxonomy":"post_tag","embeddable":true,"href":"https:\/\/www.diarioimagen.net\/index.php?rest_route=%2Fwp%2Fv2%2Ftags&post=291676"}],"curies":[{"name":"wp","href":"https:\/\/api.w.org\/{rel}","templated":true}]}}