{"id":291758,"date":"2016-10-03T00:07:44","date_gmt":"2016-10-03T05:07:44","guid":{"rendered":"http:\/\/www.diarioimagen.net\/?p=291758"},"modified":"2016-10-03T03:46:21","modified_gmt":"2016-10-03T08:46:21","slug":"rene-palomares-rindio-ultimo-informe-al-frente-del-suteym","status":"publish","type":"post","link":"https:\/\/www.diarioimagen.net\/?p=291758","title":{"rendered":"Ren\u00e9 Palomares rindi\u00f3 \u00faltimo informe al frente del SUTEyM"},"content":{"rendered":"<ul>\n<li><strong><em>Satisfecho con lo realizado en Naucalpan<\/em><\/strong><\/li>\n<\/ul>\n<p>&nbsp;<\/p>\n<div id=\"attachment_291839\" style=\"width: 430px\" class=\"wp-caption aligncenter\"><a href=\"http:\/\/www.diarioimagen.net\/?attachment_id=291839\" rel=\"attachment wp-att-291839\"><img loading=\"lazy\" decoding=\"async\" aria-describedby=\"caption-attachment-291839\" class=\"size-large wp-image-291839\" src=\"http:\/\/www.diarioimagen.net\/wp-content\/uploads\/2016\/10\/NAUCALPAN-2966-420x236.jpg\" alt=\"Ren\u00e9 Palomares Parra dijo que se va satisfecho de lo\u00a0 realizado a lo largo de cuatro a\u00f1os de su gesti\u00f3n en el SUTEyM, secci\u00f3n Naucalpan.\" width=\"420\" height=\"236\" srcset=\"https:\/\/www.diarioimagen.net\/wp-content\/uploads\/2016\/10\/NAUCALPAN-2966-420x236.jpg 420w, https:\/\/www.diarioimagen.net\/wp-content\/uploads\/2016\/10\/NAUCALPAN-2966-240x135.jpg 240w, https:\/\/www.diarioimagen.net\/wp-content\/uploads\/2016\/10\/NAUCALPAN-2966-235x132.jpg 235w, https:\/\/www.diarioimagen.net\/wp-content\/uploads\/2016\/10\/NAUCALPAN-2966-202x114.jpg 202w, https:\/\/www.diarioimagen.net\/wp-content\/uploads\/2016\/10\/NAUCALPAN-2966-350x196.jpg 350w, https:\/\/www.diarioimagen.net\/wp-content\/uploads\/2016\/10\/NAUCALPAN-2966-220x123.jpg 220w, https:\/\/www.diarioimagen.net\/wp-content\/uploads\/2016\/10\/NAUCALPAN-2966-237x132.jpg 237w, https:\/\/www.diarioimagen.net\/wp-content\/uploads\/2016\/10\/NAUCALPAN-2966.jpg 480w\" sizes=\"auto, (max-width: 420px) 100vw, 420px\" \/><\/a><p id=\"caption-attachment-291839\" class=\"wp-caption-text\">Ren\u00e9 Palomares Parra dijo que se va satisfecho de lo\u00a0 realizado a lo largo de cuatro a\u00f1os de su gesti\u00f3n en el SUTEyM, secci\u00f3n Naucalpan.<\/p><\/div>\n<p>&nbsp;<\/p>\n<p><strong>Naucalpan, Estado de M\u00e9xico<\/strong>.- Ren\u00e9 Palomares Parra, dirigente del Sindicato \u00danico de Trabajadores del Estado y sus Municipios (SUTEyM) \u00a0secci\u00f3n Naucalpan, dijo que se va satisfecho de lo\u00a0 realizado \u00a0a lo largo de cuatro a\u00f1os de su gesti\u00f3n con administraciones, tanto pri\u00edstas como panistas, destacando que tuvo un di\u00e1logo permanente con cuatro alcaldes diferentes,\u00a0en beneficio de los suteymistas<\/p>\n<p>\u201cNo fue una tarea f\u00e1cil; sin embargo, ah\u00ed est\u00e1n a la vista de todos ustedes y sus familias los acuerdos y beneficios materializados de los poco m\u00e1s de 4o mil compa\u00f1eros\u201d, dijo.<\/p>\n<p>Palomares Parra exhort\u00f3 a la clase trabajadora a elegir correctamente a su pr\u00f3xima dirigencia y no dejarse enga\u00f1ar con falsas promesas que cada cuatro a\u00f1os hacen quienes no tienen representatividad.<\/p>\n<p>\u201cTodos y cada uno de los trabajadores que pertenecemos al Sindicato \u00danico de Trabajadores del Estado y sus Municipios (SUTEyM) secci\u00f3n Naucalpan conformamos una gran familia suteymista, \u00a0en la cual prevalece la unidad y la armon\u00eda. Los logros sindicales est\u00e1n materializados y en ello no daremos ni un paso atr\u00e1s\u201d.<\/p>\n<p>Ren\u00e9 Palomares, durante la asamblea general en la que rindi\u00f3 su cuarto y \u00faltimo informe de gesti\u00f3n, que se desarroll\u00f3 en el Parque Naucalli, dijo que desde la subsecretar\u00eda seguir\u00e1 trabajando para y por los suteymistas, no s\u00f3lo de Naucalpan, sino del Estado de M\u00e9xico.<\/p>\n<p>El secretario general estatal del SUTEyM, Hermino Cahue Calder\u00f3n, Ernesto Nu\u00f1o Casta\u00f1eda, \u00a0David Parra S\u00e1nchez, asesor general, y la mayor\u00eda de los integrantes del Comit\u00e9 Ejecutivo Estatal y del Comit\u00e9 de Vigilancia e Investigaci\u00f3n acompa\u00f1aron al joven l\u00edder. Los suteymistas avalaron y aprobaron por unanimidad dicho informe.<\/p>\n<p>Ren\u00e9 Palomares Parra, en breve discurso asegur\u00f3 que en el Sindicato \u00danico de Trabajadores del Estado y sus Municipios (SUTEyM) secci\u00f3n Naucalpan, se alimenta del debate, la discusi\u00f3n de ideas y la confrontaci\u00f3n de propuestas; se enriquece de los acuerdos y de las coincidencias que son productos de ese debate de ideas.<\/p>\n<p>&nbsp;<\/p>\n","protected":false},"excerpt":{"rendered":"<p>Ren\u00e9 Palomares Parra, dirigente del Sindicato \u00danico de Trabajadores del Estado y sus Municipios (SUTEyM)  secci\u00f3n Naucalpan, dijo que se va satisfecho de lo  realizado  a lo largo de cuatro a\u00f1os de su gesti\u00f3n con administraciones, tanto pri\u00edstas como panistas, destacando que tuvo un di\u00e1logo permanente con cuatro alcaldes diferentes, en beneficio de los suteymistas<\/p>\n","protected":false},"author":3,"featured_media":291839,"comment_status":"open","ping_status":"open","sticky":false,"template":"","format":"standard","meta":{"_monsterinsights_skip_tracking":false,"_monsterinsights_sitenote_active":false,"_monsterinsights_sitenote_note":"","_monsterinsights_sitenote_category":0,"footnotes":""},"categories":[35155],"tags":[43675,970,2572],"class_list":["post-291758","post","type-post","status-publish","format-standard","has-post-thumbnail","hentry","category-estado-de-mexico-estado-de-mexico","tag-estado-de-mexico","tag-naucalpan","tag-suteym"],"_links":{"self":[{"href":"https:\/\/www.diarioimagen.net\/index.php?rest_route=\/wp\/v2\/posts\/291758","targetHints":{"allow":["GET"]}}],"collection":[{"href":"https:\/\/www.diarioimagen.net\/index.php?rest_route=\/wp\/v2\/posts"}],"about":[{"href":"https:\/\/www.diarioimagen.net\/index.php?rest_route=\/wp\/v2\/types\/post"}],"author":[{"embeddable":true,"href":"https:\/\/www.diarioimagen.net\/index.php?rest_route=\/wp\/v2\/users\/3"}],"replies":[{"embeddable":true,"href":"https:\/\/www.diarioimagen.net\/index.php?rest_route=%2Fwp%2Fv2%2Fcomments&post=291758"}],"version-history":[{"count":0,"href":"https:\/\/www.diarioimagen.net\/index.php?rest_route=\/wp\/v2\/posts\/291758\/revisions"}],"wp:featuredmedia":[{"embeddable":true,"href":"https:\/\/www.diarioimagen.net\/index.php?rest_route=\/wp\/v2\/media\/291839"}],"wp:attachment":[{"href":"https:\/\/www.diarioimagen.net\/index.php?rest_route=%2Fwp%2Fv2%2Fmedia&parent=291758"}],"wp:term":[{"taxonomy":"category","embeddable":true,"href":"https:\/\/www.diarioimagen.net\/index.php?rest_route=%2Fwp%2Fv2%2Fcategories&post=291758"},{"taxonomy":"post_tag","embeddable":true,"href":"https:\/\/www.diarioimagen.net\/index.php?rest_route=%2Fwp%2Fv2%2Ftags&post=291758"}],"curies":[{"name":"wp","href":"https:\/\/api.w.org\/{rel}","templated":true}]}}