{"id":291762,"date":"2016-10-03T00:04:35","date_gmt":"2016-10-03T05:04:35","guid":{"rendered":"http:\/\/www.diarioimagen.net\/?p=291762"},"modified":"2016-10-03T03:50:38","modified_gmt":"2016-10-03T08:50:38","slug":"cientos-de-tultitlenses-siguieron-mensaje-de-eruviel-por-su-informe","status":"publish","type":"post","link":"https:\/\/www.diarioimagen.net\/?p=291762","title":{"rendered":"Cientos de tultitlenses siguieron mensaje de Eruviel por su informe"},"content":{"rendered":"<ul>\n<li><strong><em>Destaca alcalde Barr\u00f3n Elizalde obras<\/em><\/strong><\/li>\n<\/ul>\n<p>&nbsp;<\/p>\n<div id=\"attachment_291848\" style=\"width: 430px\" class=\"wp-caption aligncenter\"><a href=\"http:\/\/www.diarioimagen.net\/?attachment_id=291848\" rel=\"attachment wp-att-291848\"><img loading=\"lazy\" decoding=\"async\" aria-describedby=\"caption-attachment-291848\" class=\"size-large wp-image-291848\" src=\"http:\/\/www.diarioimagen.net\/wp-content\/uploads\/2016\/10\/TULTITLAN-2966-420x236.jpg\" alt=\"El alcalde Jorge Ad\u00e1n Barr\u00f3n Elizalde agradeci\u00f3 la presencia de los asistentes que siguieron el mensaje del gobernador Eruviel \u00c1vila por su Quinto Informe.\" width=\"420\" height=\"236\" srcset=\"https:\/\/www.diarioimagen.net\/wp-content\/uploads\/2016\/10\/TULTITLAN-2966-420x236.jpg 420w, https:\/\/www.diarioimagen.net\/wp-content\/uploads\/2016\/10\/TULTITLAN-2966-240x135.jpg 240w, https:\/\/www.diarioimagen.net\/wp-content\/uploads\/2016\/10\/TULTITLAN-2966-235x132.jpg 235w, https:\/\/www.diarioimagen.net\/wp-content\/uploads\/2016\/10\/TULTITLAN-2966-202x114.jpg 202w, https:\/\/www.diarioimagen.net\/wp-content\/uploads\/2016\/10\/TULTITLAN-2966-350x196.jpg 350w, https:\/\/www.diarioimagen.net\/wp-content\/uploads\/2016\/10\/TULTITLAN-2966-220x123.jpg 220w, https:\/\/www.diarioimagen.net\/wp-content\/uploads\/2016\/10\/TULTITLAN-2966-237x132.jpg 237w, https:\/\/www.diarioimagen.net\/wp-content\/uploads\/2016\/10\/TULTITLAN-2966.jpg 480w\" sizes=\"auto, (max-width: 420px) 100vw, 420px\" \/><\/a><p id=\"caption-attachment-291848\" class=\"wp-caption-text\">El alcalde Jorge Ad\u00e1n Barr\u00f3n Elizalde agradeci\u00f3 la presencia de los asistentes que siguieron el mensaje del gobernador Eruviel \u00c1vila por su Quinto Informe.<\/p><\/div>\n<p>&nbsp;<\/p>\n<p><strong>Tultitl\u00e1n, Estado de M\u00e9xico<\/strong>.- El presidente municipal, Jorge Ad\u00e1n Barr\u00f3n Elizalde, acompa\u00f1ado de directivos y ciudadanos, enalteci\u00f3 el trabajo que ha realizado en el\u00a0Quinto Informe de Gobierno de Eruviel \u00c1vila Villegas, se\u00f1alando que los datos ofrecidos por el mandatario estatal,\u00a0rebasan cualquier expectativa pol\u00edtica, social y econ\u00f3mica, resaltando temas de salud, seguridad, educaci\u00f3n e infraestructura han beneficiado a miles de mexiquenses.<\/p>\n<p>El alcalde agradeci\u00f3 la presencia de los asistentes, reiterando que es importante conocer las acciones realizadas durante los cinco a\u00f1os que ha gobernado el Ejecutivo estatal.<\/p>\n<p>De igual manera, resalt\u00f3 que seguir\u00e1n la construcci\u00f3n de diez comedores comunitarios adicionales a los cinco que ya arrancar\u00e1n en los pr\u00f3ximos d\u00edas, as\u00ed como el apoyo de la construcci\u00f3n de las represas de absorci\u00f3n en Sierra de Guadalupe para evitar inundaciones.<\/p>\n<p>Por otra parte, el gobernador se\u00f1al\u00f3 que es el\u00a0 quinto a\u00f1o al frente del gobierno del Estado de M\u00e9xico y estoy profundamente agradecido con los mexiquenses, quienes todos los d\u00edas me permiten trabajar, servirles y corresponderles a su confianza. Voy a seguir dando todo mi esfuerzo. A\u00fan faltan manos por estrechar y m\u00e1s resultados que dar.<\/p>\n<p>En su mensaje hizo un recuento de los diez principales rubros en los que se ha trabajado durante los \u00faltimos cinco a\u00f1os en temas como salud, educaci\u00f3n, desarrollo social, movilidad, entre otros.<\/p>\n<p>En el tema educativo destac\u00f3 que el Estado de M\u00e9xico cuenta con la matr\u00edcula m\u00e1s grande del pa\u00eds con 4.8 millones de estudiantes y m\u00e1s de 250 mil maestros y que se han entregado 1.3 millones de becas en diversas modalidades.<\/p>\n<p>&nbsp;<\/p>\n","protected":false},"excerpt":{"rendered":"<p>El presidente municipal, Jorge Ad\u00e1n Barr\u00f3n Elizalde, acompa\u00f1ado de directivos y ciudadanos, enalteci\u00f3 el trabajo que ha realizado en el Quinto Informe de Gobierno de Eruviel \u00c1vila Villegas, se\u00f1alando que los datos ofrecidos por el mandatario estatal, rebasan cualquier expectativa pol\u00edtica, social y econ\u00f3mica, resaltando temas de salud, seguridad, educaci\u00f3n e infraestructura han beneficiado a miles de mexiquenses.<\/p>\n","protected":false},"author":3,"featured_media":291848,"comment_status":"open","ping_status":"open","sticky":false,"template":"","format":"standard","meta":{"_monsterinsights_skip_tracking":false,"_monsterinsights_sitenote_active":false,"_monsterinsights_sitenote_note":"","_monsterinsights_sitenote_category":0,"footnotes":""},"categories":[35155],"tags":[5828,43675,15637,48077,578],"class_list":["post-291762","post","type-post","status-publish","format-standard","has-post-thumbnail","hentry","category-estado-de-mexico-estado-de-mexico","tag-eruviel-avila-villegas","tag-estado-de-mexico","tag-informe","tag-jorge-adan-barron-elizalde","tag-tultitlan"],"_links":{"self":[{"href":"https:\/\/www.diarioimagen.net\/index.php?rest_route=\/wp\/v2\/posts\/291762","targetHints":{"allow":["GET"]}}],"collection":[{"href":"https:\/\/www.diarioimagen.net\/index.php?rest_route=\/wp\/v2\/posts"}],"about":[{"href":"https:\/\/www.diarioimagen.net\/index.php?rest_route=\/wp\/v2\/types\/post"}],"author":[{"embeddable":true,"href":"https:\/\/www.diarioimagen.net\/index.php?rest_route=\/wp\/v2\/users\/3"}],"replies":[{"embeddable":true,"href":"https:\/\/www.diarioimagen.net\/index.php?rest_route=%2Fwp%2Fv2%2Fcomments&post=291762"}],"version-history":[{"count":0,"href":"https:\/\/www.diarioimagen.net\/index.php?rest_route=\/wp\/v2\/posts\/291762\/revisions"}],"wp:featuredmedia":[{"embeddable":true,"href":"https:\/\/www.diarioimagen.net\/index.php?rest_route=\/wp\/v2\/media\/291848"}],"wp:attachment":[{"href":"https:\/\/www.diarioimagen.net\/index.php?rest_route=%2Fwp%2Fv2%2Fmedia&parent=291762"}],"wp:term":[{"taxonomy":"category","embeddable":true,"href":"https:\/\/www.diarioimagen.net\/index.php?rest_route=%2Fwp%2Fv2%2Fcategories&post=291762"},{"taxonomy":"post_tag","embeddable":true,"href":"https:\/\/www.diarioimagen.net\/index.php?rest_route=%2Fwp%2Fv2%2Ftags&post=291762"}],"curies":[{"name":"wp","href":"https:\/\/api.w.org\/{rel}","templated":true}]}}