{"id":291766,"date":"2016-10-03T00:05:08","date_gmt":"2016-10-03T05:05:08","guid":{"rendered":"http:\/\/www.diarioimagen.net\/?p=291766"},"modified":"2016-10-03T03:53:12","modified_gmt":"2016-10-03T08:53:12","slug":"piden-a-ciudadanos-hacer-un-frente-comun-contra-inseguridad","status":"publish","type":"post","link":"https:\/\/www.diarioimagen.net\/?p=291766","title":{"rendered":"Piden a ciudadanos hacer un frente com\u00fan contra inseguridad"},"content":{"rendered":"<ul>\n<li><strong><em>Encuentro con l\u00edderes sociales, vecinales y religiosos<\/em><\/strong><\/li>\n<\/ul>\n<p>&nbsp;<\/p>\n<div id=\"attachment_291853\" style=\"width: 430px\" class=\"wp-caption aligncenter\"><a href=\"http:\/\/www.diarioimagen.net\/?attachment_id=291853\" rel=\"attachment wp-att-291853\"><img loading=\"lazy\" decoding=\"async\" aria-describedby=\"caption-attachment-291853\" class=\"size-large wp-image-291853\" src=\"http:\/\/www.diarioimagen.net\/wp-content\/uploads\/2016\/10\/TLALNEPANTLA-2966-420x236.jpg\" alt=\"Ulises Murgu\u00eda Soto exhort\u00f3 a la ciudadan\u00eda a organizarse para exigir a los gobernantes resultados.\" width=\"420\" height=\"236\" srcset=\"https:\/\/www.diarioimagen.net\/wp-content\/uploads\/2016\/10\/TLALNEPANTLA-2966-420x236.jpg 420w, https:\/\/www.diarioimagen.net\/wp-content\/uploads\/2016\/10\/TLALNEPANTLA-2966-240x135.jpg 240w, https:\/\/www.diarioimagen.net\/wp-content\/uploads\/2016\/10\/TLALNEPANTLA-2966-235x132.jpg 235w, https:\/\/www.diarioimagen.net\/wp-content\/uploads\/2016\/10\/TLALNEPANTLA-2966-202x114.jpg 202w, https:\/\/www.diarioimagen.net\/wp-content\/uploads\/2016\/10\/TLALNEPANTLA-2966-350x196.jpg 350w, https:\/\/www.diarioimagen.net\/wp-content\/uploads\/2016\/10\/TLALNEPANTLA-2966-220x123.jpg 220w, https:\/\/www.diarioimagen.net\/wp-content\/uploads\/2016\/10\/TLALNEPANTLA-2966-237x132.jpg 237w, https:\/\/www.diarioimagen.net\/wp-content\/uploads\/2016\/10\/TLALNEPANTLA-2966.jpg 480w\" sizes=\"auto, (max-width: 420px) 100vw, 420px\" \/><\/a><p id=\"caption-attachment-291853\" class=\"wp-caption-text\">Ulises Murgu\u00eda Soto exhort\u00f3 a la ciudadan\u00eda a organizarse para exigir a los gobernantes resultados.<\/p><\/div>\n<p>&nbsp;<\/p>\n<p><strong>Tlalnepantla, Estado de M\u00e9xico<\/strong>.- El l\u00edder social y empresario, Ulises Murgu\u00eda Soto, exhort\u00f3 a la ciudadan\u00eda a organizarse para exigir a los gobernantes resultados concretos contra la inseguridad y para defender sus derechos, en rechazo a los abusos que impactan negativamente en la econom\u00eda de las familias.<\/p>\n<p>Durante un encuentro con l\u00edderes sociales, naturales, vecinales y religiosos agrupados en m\u00e1s de 2 mil 700 iglesias cristianas, Murgu\u00eda Soto fue respaldado por \u00e9stos para emprender un movimiento ciudadano que coadyuve con la autoridad, a devolver la tranquilidad a la gente y que se combatan a fondo delitos que agravian a la sociedad, como el secuestro y la extorsi\u00f3n, entre otros.<\/p>\n<p>Asimismo, el tambi\u00e9n presidente de la asociaci\u00f3n civil Fundaci\u00f3n Mexicana UMS Ay\u00fadate Ayudando, advirti\u00f3 que la delincuencia ya rebas\u00f3 a las autoridades, que no han dado una respuesta clara al clamor de la ciudadan\u00eda, que ya est\u00e1 cansada de vivir en la zozobra.<\/p>\n<p>Ante el diputado federal panista, Carlos Bello Otero, el coordinador de las iglesias cristianas, Danie Hern\u00e1ndez Ram\u00edrez; el coordinador general del Movimiento de Hermandad Cristiana, Julio Alfredo Guerrero, pastores de las iglesias Pentecost\u00e9s, de Dios, Evangelio Completo, Isipar, Conicar, Alianza Cristiana Misionera, Centro Cristiano Calacoaya, entre otras, Murgu\u00eda Soto llam\u00f3 a actuar ante el adverso panorama que se vive en el pa\u00eds, tanto por la inseguridad como por la corrupci\u00f3n y convoc\u00f3 que la gente ya no se quede callada. \u201cLa soluci\u00f3n no est\u00e1 en colores, siglas o ideolog\u00edas, sino en nosotros mismos\u201d, destac\u00f3.<\/p>\n<p>De acuerdo con los \u00faltimos datos estad\u00edsticos aportados por la Secretar\u00eda de Gobernaci\u00f3n y el INEGI, en el Estado de M\u00e9xico hay 4 millones de cristianos; los fieles cristianos representan el 33 por ciento del electorado a nivel local.<\/p>\n<p>&nbsp;<\/p>\n","protected":false},"excerpt":{"rendered":"<p>El l\u00edder social y empresario, Ulises Murgu\u00eda Soto, exhort\u00f3 a la ciudadan\u00eda a organizarse para exigir a los gobernantes resultados concretos contra la inseguridad y para defender sus derechos, en rechazo a los abusos que impactan negativamente en la econom\u00eda de las familias.<\/p>\n","protected":false},"author":3,"featured_media":291853,"comment_status":"open","ping_status":"open","sticky":false,"template":"","format":"standard","meta":{"_monsterinsights_skip_tracking":false,"_monsterinsights_sitenote_active":false,"_monsterinsights_sitenote_note":"","_monsterinsights_sitenote_category":0,"footnotes":""},"categories":[35155],"tags":[43675,47927,1803,169,53674],"class_list":["post-291766","post","type-post","status-publish","format-standard","has-post-thumbnail","hentry","category-estado-de-mexico-estado-de-mexico","tag-estado-de-mexico","tag-frente","tag-inseguridad","tag-tlalnepantla","tag-ulises-murguia-soto"],"_links":{"self":[{"href":"https:\/\/www.diarioimagen.net\/index.php?rest_route=\/wp\/v2\/posts\/291766","targetHints":{"allow":["GET"]}}],"collection":[{"href":"https:\/\/www.diarioimagen.net\/index.php?rest_route=\/wp\/v2\/posts"}],"about":[{"href":"https:\/\/www.diarioimagen.net\/index.php?rest_route=\/wp\/v2\/types\/post"}],"author":[{"embeddable":true,"href":"https:\/\/www.diarioimagen.net\/index.php?rest_route=\/wp\/v2\/users\/3"}],"replies":[{"embeddable":true,"href":"https:\/\/www.diarioimagen.net\/index.php?rest_route=%2Fwp%2Fv2%2Fcomments&post=291766"}],"version-history":[{"count":0,"href":"https:\/\/www.diarioimagen.net\/index.php?rest_route=\/wp\/v2\/posts\/291766\/revisions"}],"wp:featuredmedia":[{"embeddable":true,"href":"https:\/\/www.diarioimagen.net\/index.php?rest_route=\/wp\/v2\/media\/291853"}],"wp:attachment":[{"href":"https:\/\/www.diarioimagen.net\/index.php?rest_route=%2Fwp%2Fv2%2Fmedia&parent=291766"}],"wp:term":[{"taxonomy":"category","embeddable":true,"href":"https:\/\/www.diarioimagen.net\/index.php?rest_route=%2Fwp%2Fv2%2Fcategories&post=291766"},{"taxonomy":"post_tag","embeddable":true,"href":"https:\/\/www.diarioimagen.net\/index.php?rest_route=%2Fwp%2Fv2%2Ftags&post=291766"}],"curies":[{"name":"wp","href":"https:\/\/api.w.org\/{rel}","templated":true}]}}