{"id":291774,"date":"2016-10-03T00:01:30","date_gmt":"2016-10-03T05:01:30","guid":{"rendered":"http:\/\/www.diarioimagen.net\/?p=291774"},"modified":"2016-10-03T04:07:04","modified_gmt":"2016-10-03T09:07:04","slug":"estudiantes-de-odontologia-son-reconocidos-por-ceneval","status":"publish","type":"post","link":"https:\/\/www.diarioimagen.net\/?p=291774","title":{"rendered":"Estudiantes de odontolog\u00eda son reconocidos por CENEVAL"},"content":{"rendered":"<p><a href=\"http:\/\/www.diarioimagen.net\/?attachment_id=291861\" rel=\"attachment wp-att-291861\"><img loading=\"lazy\" decoding=\"async\" class=\"aligncenter size-large wp-image-291861\" src=\"http:\/\/www.diarioimagen.net\/wp-content\/uploads\/2016\/10\/UAEM-2966-420x236.jpg\" alt=\"uaem-2966\" width=\"420\" height=\"236\" srcset=\"https:\/\/www.diarioimagen.net\/wp-content\/uploads\/2016\/10\/UAEM-2966-420x236.jpg 420w, https:\/\/www.diarioimagen.net\/wp-content\/uploads\/2016\/10\/UAEM-2966-240x135.jpg 240w, https:\/\/www.diarioimagen.net\/wp-content\/uploads\/2016\/10\/UAEM-2966-235x132.jpg 235w, https:\/\/www.diarioimagen.net\/wp-content\/uploads\/2016\/10\/UAEM-2966-202x114.jpg 202w, https:\/\/www.diarioimagen.net\/wp-content\/uploads\/2016\/10\/UAEM-2966-350x196.jpg 350w, https:\/\/www.diarioimagen.net\/wp-content\/uploads\/2016\/10\/UAEM-2966-220x123.jpg 220w, https:\/\/www.diarioimagen.net\/wp-content\/uploads\/2016\/10\/UAEM-2966-237x132.jpg 237w, https:\/\/www.diarioimagen.net\/wp-content\/uploads\/2016\/10\/UAEM-2966.jpg 480w\" sizes=\"auto, (max-width: 420px) 100vw, 420px\" \/><\/a><\/p>\n<p>&nbsp;<\/p>\n<p>Alma Jessica Bernal Escalona, Edgar Giovani Chapela Gonz\u00e1lez, Luis Alberto Garc\u00eda Delgado, Lizbeth Jim\u00e9nez Rodr\u00edguez y Xelonen Morales S\u00e1nchez, egresados de la carrera de Cirujano Dentista de la Universidad Aut\u00f3noma del Estado de M\u00e9xico (UAEM), fueron reconocidos con el Premio CENEVAL al Desempe\u00f1o de Excelencia-EGEL, correspondiente al periodo enero-junio 2016.<\/p>\n","protected":false},"excerpt":{"rendered":"<p>Alma Jessica Bernal Escalona, Edgar Giovani Chapela Gonz\u00e1lez, Luis Alberto Garc\u00eda Delgado, Lizbeth Jim\u00e9nez Rodr\u00edguez y Xelonen Morales S\u00e1nchez, egresados de la carrera de Cirujano Dentista de la Universidad Aut\u00f3noma del Estado de M\u00e9xico (UAEm), fueron reconocidos con el Premio CENEVAL al Desempe\u00f1o de Excelencia-EGEL, correspondiente al periodo enero-junio 2016.<\/p>\n","protected":false},"author":3,"featured_media":291861,"comment_status":"open","ping_status":"open","sticky":false,"template":"","format":"standard","meta":{"_monsterinsights_skip_tracking":false,"_monsterinsights_sitenote_active":false,"_monsterinsights_sitenote_note":"","_monsterinsights_sitenote_category":0,"footnotes":""},"categories":[35155],"tags":[43675,22547],"class_list":["post-291774","post","type-post","status-publish","format-standard","has-post-thumbnail","hentry","category-estado-de-mexico-estado-de-mexico","tag-estado-de-mexico","tag-premio"],"_links":{"self":[{"href":"https:\/\/www.diarioimagen.net\/index.php?rest_route=\/wp\/v2\/posts\/291774","targetHints":{"allow":["GET"]}}],"collection":[{"href":"https:\/\/www.diarioimagen.net\/index.php?rest_route=\/wp\/v2\/posts"}],"about":[{"href":"https:\/\/www.diarioimagen.net\/index.php?rest_route=\/wp\/v2\/types\/post"}],"author":[{"embeddable":true,"href":"https:\/\/www.diarioimagen.net\/index.php?rest_route=\/wp\/v2\/users\/3"}],"replies":[{"embeddable":true,"href":"https:\/\/www.diarioimagen.net\/index.php?rest_route=%2Fwp%2Fv2%2Fcomments&post=291774"}],"version-history":[{"count":0,"href":"https:\/\/www.diarioimagen.net\/index.php?rest_route=\/wp\/v2\/posts\/291774\/revisions"}],"wp:featuredmedia":[{"embeddable":true,"href":"https:\/\/www.diarioimagen.net\/index.php?rest_route=\/wp\/v2\/media\/291861"}],"wp:attachment":[{"href":"https:\/\/www.diarioimagen.net\/index.php?rest_route=%2Fwp%2Fv2%2Fmedia&parent=291774"}],"wp:term":[{"taxonomy":"category","embeddable":true,"href":"https:\/\/www.diarioimagen.net\/index.php?rest_route=%2Fwp%2Fv2%2Fcategories&post=291774"},{"taxonomy":"post_tag","embeddable":true,"href":"https:\/\/www.diarioimagen.net\/index.php?rest_route=%2Fwp%2Fv2%2Ftags&post=291774"}],"curies":[{"name":"wp","href":"https:\/\/api.w.org\/{rel}","templated":true}]}}