{"id":291801,"date":"2016-10-03T00:08:17","date_gmt":"2016-10-03T05:08:17","guid":{"rendered":"http:\/\/www.diarioimagen.net\/?p=291801"},"modified":"2016-10-04T03:11:57","modified_gmt":"2016-10-04T08:11:57","slug":"van-con-todo","status":"publish","type":"post","link":"https:\/\/www.diarioimagen.net\/?p=291801","title":{"rendered":"Van con todo"},"content":{"rendered":"<h2>De frente y de perfil<\/h2>\n<h5>Ram\u00f3n Zurita Sahag\u00fan<\/h5>\n<p>&nbsp;<\/p>\n<p>&nbsp;<\/p>\n<div id=\"attachment_291890\" style=\"width: 430px\" class=\"wp-caption aligncenter\"><a href=\"http:\/\/www.diarioimagen.net\/?attachment_id=291890\" rel=\"attachment wp-att-291890\"><img loading=\"lazy\" decoding=\"async\" aria-describedby=\"caption-attachment-291890\" class=\"size-large wp-image-291890\" src=\"http:\/\/www.diarioimagen.net\/wp-content\/uploads\/2016\/10\/ZURITA-2966-420x236.jpg\" alt=\"Las bajas entre miembros de las fuerzas armadas, aunadas a las de los propios delincuentes, suman varios cientos, en la presente administraci\u00f3n sexenal.\" width=\"420\" height=\"236\" srcset=\"https:\/\/www.diarioimagen.net\/wp-content\/uploads\/2016\/10\/ZURITA-2966-420x236.jpg 420w, https:\/\/www.diarioimagen.net\/wp-content\/uploads\/2016\/10\/ZURITA-2966-240x135.jpg 240w, https:\/\/www.diarioimagen.net\/wp-content\/uploads\/2016\/10\/ZURITA-2966-235x132.jpg 235w, https:\/\/www.diarioimagen.net\/wp-content\/uploads\/2016\/10\/ZURITA-2966-202x114.jpg 202w, https:\/\/www.diarioimagen.net\/wp-content\/uploads\/2016\/10\/ZURITA-2966-350x196.jpg 350w, https:\/\/www.diarioimagen.net\/wp-content\/uploads\/2016\/10\/ZURITA-2966-220x123.jpg 220w, https:\/\/www.diarioimagen.net\/wp-content\/uploads\/2016\/10\/ZURITA-2966-237x132.jpg 237w, https:\/\/www.diarioimagen.net\/wp-content\/uploads\/2016\/10\/ZURITA-2966.jpg 480w\" sizes=\"auto, (max-width: 420px) 100vw, 420px\" \/><\/a><p id=\"caption-attachment-291890\" class=\"wp-caption-text\">Las bajas entre miembros de las fuerzas armadas, aunadas a las de los propios delincuentes, suman varios cientos, en la presente administraci\u00f3n sexenal.<\/p><\/div>\n<p>&nbsp;<\/p>\n<p>Michoac\u00e1n, Sinaloa y Tamaulipas son las entidades del pa\u00eds que concentran la mayor violencia, como dan cuenta la mayor parte de las 69 bajas sufridas por las fuerzas armadas durante la presente administraci\u00f3n sexenal.<\/p>\n<p>El ataque sufrido por miembros del Ej\u00e9rcito el pasado viernes en el norte de Sinaloa muestra la exposici\u00f3n de estos elementos que en muchos de los casos no cuentan con el armamento necesario para combatir a los grandes grupos delincuenciales.<\/p>\n<p>Cinco muertos y una decena de heridos fue el saldo de este enfrentamiento, que se suma a otros hechos ocurridos en esa y las otras dos entidades, acosadas en algunos de sus principales municipios por los grandes c\u00e1rteles de la droga.<\/p>\n<p>Si a ese n\u00famero de bajas de suman las de los cuerpos polic\u00edacos, se advertir\u00e1 que la violencia e inseguridad es tan grande como ineficaces resultan ser los programas implementados por el gobierno federal.<\/p>\n<p>Es cierto que en ese tiempo hab\u00edan sido abatidos varios de los principales jefes de los grupos delincuenciales, mientras otros fueron detenidos y sufren prisi\u00f3n, aunque ello no ha menguado su presencia, ni bajado los \u00edndices de violencia, con todo y las cifras que, algunos consideran, alegres que ofrecen las autoridades.<\/p>\n<p>Las bajas entre miembros de las fuerzas armadas (Ej\u00e9rcito y Marina), elementos pertenecientes a las distintas polic\u00edas y ciudadanos comunes, aunadas a las de los propios delincuentes, suman varios miles, tan s\u00f3lo en la presente administraci\u00f3n sexenal.<\/p>\n<p>Claro que el acumulado con el pasado sexenio hace un n\u00famero m\u00e1s impresionante de v\u00edctimas, superior a las p\u00e9rdidas humanas de algunas guerras.<\/p>\n<p>El problemas de la violencia en M\u00e9xico hace recordar aquellos tiempos en que alertaban sobre el riesgo de que M\u00e9xico se colombianizara, hoy Colombia est\u00e1 lejano de tener la violencia e inseguridad que vive M\u00e9xico.<\/p>\n<p>La situaci\u00f3n es tan grave (aunque algunos lo nieguen) que algunas de las reacciones por parte de las fuerzas armadas en el uso excesivo de la fuerza, que van desde algunas ejecuciones de delincuentes a mansalva, torturas y otros hechos producidos por algunos miembros de las fuerzas armadas, han sido considerados como parte de la respuesta a los cr\u00edmenes de elementos de esos cuerpos militares.<\/p>\n<p>Es cierto que la ley no se aplica ojo por ojo, ni diente por diente, como dice la sentencia b\u00edblica, pero as\u00ed se trata de justificar algunos de los excesos cometidos por las fuerzas armadas.<\/p>\n<p>Con la proclama del secretario de la Defensa Nacional, Salvador Cienfuegos, durante el homenaje rendido a los soldados ca\u00eddos en Sinaloa de que: el Ej\u00e9rcito va con todo contra \u201clas bestias criminales\u201d, se radicaliza todav\u00eda m\u00e1s la lucha contra el crimen organizado.<\/p>\n<p>Es cierto que desde el inicio del sexenio se ha mantenido una lucha permanente contra el crimen organizado, pero los resultados no parecen ser los esperados.El ataque sufrido por miembros del Ej\u00e9rcito, con la muerte de cinco de sus elementos y una decena de heridos se suma a otros ocurridos en distintas partes del pa\u00eds, en que incluso han sido derribados helic\u00f3pteros y produciendo indignaci\u00f3n en la sociedad.<\/p>\n<p>Y es que de los cinco soldados muertos, uno era sargento segundo, dos cabos conductores, un cabo de sanidad y solamente un soldado de infanter\u00eda.<\/p>\n<p>Desde que las fuerzas armadas fueron incorporadas a las tareas que deben desempe\u00f1ar los cuerpos polic\u00edacos, las bajas han sido sensibles y el Ej\u00e9rcito ha perdido parte de ese respeto que ha tenido siempre entre la sociedad que lo hace uno de los organismos m\u00e1s confiables del pa\u00eds.<\/p>\n<p>Siempre dispuesto a ayudar en casos de contingencia, mediante la aplicaci\u00f3n de los programas de ayuda para los desastres naturales (DNIII), su incorporaci\u00f3n a las tareas de lucha contra la delincuencia organizada causa escozor y m\u00e1s todav\u00eda cuando no cuenta con el armamento necesario para ello.<\/p>\n<p>La modernizaci\u00f3n del Ej\u00e9rcito se ha dado en los a\u00f1os recientes, as\u00ed como el equipamiento, pero los saldos de los enfrentamientos contra los grupos delincuenciales dejan en claro que se requiere de otro tipo de armamento, m\u00e1s sofisticado para conseguir el prop\u00f3sito de combatirlos con \u00e9xito.<\/p>\n<p>Esperemos para ver qu\u00e9 es lo que sucede en los pr\u00f3ximos d\u00edas y si las autoridades son capaces de dar con los responsables de este ataque que dej\u00f3 un saldo lamentable y una percepci\u00f3n de mayores riesgos, considerando que si el Ej\u00e9rcito disciplinado, ordenado y con el equipamiento, supuestamente, necesario sucumbe ante estos ataques, qu\u00e9 nos depara el destino en fechas pr\u00f3ximas.<\/p>\n<p style=\"text-align: center;\"><strong>El fen\u00f3meno Waters<\/strong><\/p>\n<p>Nadie supuso la conmoci\u00f3n que lograr\u00eda Roger Waters en M\u00e9xico y la gran concentraci\u00f3n conseguida en el Z\u00f3calo de la CDMX da cuenta de la necesidad de la poblaci\u00f3n por dar salida a sus emociones.<\/p>\n<p>El ex integrante de Pink Floyd no solamente deleit\u00f3 con su m\u00fasica, sino tambi\u00e9n con sus consignas que fueron coreadas por las 170 mil personas asistentes a su concierto gratuito.<\/p>\n<p>Su activismo dej\u00f3 constancia de ello, cuando critic\u00f3 al gobierno mexicano por los 43 desaparecidos y la violencia e inseguridad en que se vive en el pa\u00eds y arremeti\u00f3 con D. Trump.<\/p>\n<p style=\"text-align: center;\"><strong>Woldenberg y C\u00f3rdova<\/strong><\/p>\n<p>Varias horas de charla sostuvieron el ex titular del IFE y el presidente del INE, Jos\u00e9 Woldenberg y Lorenzo C\u00f3rdova, donde prevalecieron los temas referentes a lo que se viene para ese instituto electoral.<\/p>\n<p>La experiencia de Woldenberg parece ser necesaria para un arrinconado C\u00f3rdova al que le tupen por todos lados, ante la inminencia de una nueva reforma electoral y los gastos exorbitantes que se planea hacer en el INE.<\/p>\n<p>Charla amena, donde C\u00f3rdova asent\u00eda a la mayor parte de la exposici\u00f3n que le hac\u00eda su antecesor en el cargo.<\/p>\n<p><em><a href=\"mailto:ramonzurita44@hotmail.com\" target=\"_blank\">ramonzurita44@hotmail.com<\/a><\/em><br \/>\n<em> <a href=\"mailto:%20zurita_sahagun@hotmail.com\" target=\"_blank\">zurita_sahagun@hotmail.com<\/a><\/em><\/p>\n","protected":false},"excerpt":{"rendered":"<p><span style=\"color: #005497;\"><strong>Ram\u00f3n Zurita Sahag\u00fan<\/strong><\/span><br \/>\n<br \/>\nMichoac\u00e1n, Sinaloa y Tamaulipas son las entidades del pa\u00eds que concentran la mayor violencia, como dan cuenta la mayor parte de las 69 bajas sufridas por las fuerzas armadas durante la presente administraci\u00f3n sexenal.<\/p>\n","protected":false},"author":3,"featured_media":291890,"comment_status":"open","ping_status":"open","sticky":false,"template":"","format":"standard","meta":{"_monsterinsights_skip_tracking":false,"_monsterinsights_sitenote_active":false,"_monsterinsights_sitenote_note":"","_monsterinsights_sitenote_category":0,"footnotes":""},"categories":[234],"tags":[304,43674,43687],"class_list":["post-291801","post","type-post","status-publish","format-standard","has-post-thumbnail","hentry","category-ramon-zurita-sahagun","tag-de-frente-y-de-perfil","tag-opinion","tag-ramon-zurita-sahagun"],"_links":{"self":[{"href":"https:\/\/www.diarioimagen.net\/index.php?rest_route=\/wp\/v2\/posts\/291801","targetHints":{"allow":["GET"]}}],"collection":[{"href":"https:\/\/www.diarioimagen.net\/index.php?rest_route=\/wp\/v2\/posts"}],"about":[{"href":"https:\/\/www.diarioimagen.net\/index.php?rest_route=\/wp\/v2\/types\/post"}],"author":[{"embeddable":true,"href":"https:\/\/www.diarioimagen.net\/index.php?rest_route=\/wp\/v2\/users\/3"}],"replies":[{"embeddable":true,"href":"https:\/\/www.diarioimagen.net\/index.php?rest_route=%2Fwp%2Fv2%2Fcomments&post=291801"}],"version-history":[{"count":0,"href":"https:\/\/www.diarioimagen.net\/index.php?rest_route=\/wp\/v2\/posts\/291801\/revisions"}],"wp:featuredmedia":[{"embeddable":true,"href":"https:\/\/www.diarioimagen.net\/index.php?rest_route=\/wp\/v2\/media\/291890"}],"wp:attachment":[{"href":"https:\/\/www.diarioimagen.net\/index.php?rest_route=%2Fwp%2Fv2%2Fmedia&parent=291801"}],"wp:term":[{"taxonomy":"category","embeddable":true,"href":"https:\/\/www.diarioimagen.net\/index.php?rest_route=%2Fwp%2Fv2%2Fcategories&post=291801"},{"taxonomy":"post_tag","embeddable":true,"href":"https:\/\/www.diarioimagen.net\/index.php?rest_route=%2Fwp%2Fv2%2Ftags&post=291801"}],"curies":[{"name":"wp","href":"https:\/\/api.w.org\/{rel}","templated":true}]}}