{"id":291905,"date":"2016-10-03T17:08:56","date_gmt":"2016-10-03T22:08:56","guid":{"rendered":"http:\/\/www.diarioimagen.net\/?p=291905"},"modified":"2016-10-05T00:01:42","modified_gmt":"2016-10-05T05:01:42","slug":"acercan-los-servicios-medicos-a-mexiquenses","status":"publish","type":"post","link":"https:\/\/www.diarioimagen.net\/?p=291905","title":{"rendered":"Acercan los servicios m\u00e9dicos a mexiquenses"},"content":{"rendered":"<ul>\n<li><em><strong>Primera sesi\u00f3n de gabinete regional <\/strong><\/em><\/li>\n<\/ul>\n<p>&nbsp;<\/p>\n<div id=\"attachment_291906\" style=\"width: 430px\" class=\"wp-caption aligncenter\"><a href=\"http:\/\/www.diarioimagen.net\/?attachment_id=291906\" rel=\"attachment wp-att-291906\"><img loading=\"lazy\" decoding=\"async\" aria-describedby=\"caption-attachment-291906\" class=\"size-large wp-image-291906\" src=\"http:\/\/www.diarioimagen.net\/wp-content\/uploads\/2016\/10\/SALUD4-portal-420x245.jpg\" alt=\"Se realiz\u00f3 la primera sesi\u00f3n p\u00fablica del Gabinete Regional V encabezada por el secretario de Salud federal, Jos\u00e9 Narro y el secretario de Salud estatal, C\u00e9sar G\u00f3mez. \" width=\"420\" height=\"245\" srcset=\"https:\/\/www.diarioimagen.net\/wp-content\/uploads\/2016\/10\/SALUD4-portal-420x245.jpg 420w, https:\/\/www.diarioimagen.net\/wp-content\/uploads\/2016\/10\/SALUD4-portal-240x140.jpg 240w, https:\/\/www.diarioimagen.net\/wp-content\/uploads\/2016\/10\/SALUD4-portal.jpg 480w\" sizes=\"auto, (max-width: 420px) 100vw, 420px\" \/><\/a><p id=\"caption-attachment-291906\" class=\"wp-caption-text\">Se realiz\u00f3 la primera sesi\u00f3n p\u00fablica del Gabinete Regional V encabezada por el secretario de Salud federal, Jos\u00e9 Narro y el secretario de Salud estatal, C\u00e9sar G\u00f3mez.<\/p><\/div>\n<p>&nbsp;<\/p>\n<p>Ecatepec, M\u00e9x.- Para escuchar las necesidades de la poblaci\u00f3n y acercar servicios m\u00e9dicos, se realiz\u00f3 la primera sesi\u00f3n p\u00fablica del Gabinete Regional V en la explanada de la plaza de Santa Mar\u00eda Chiconautla, encabezada por el secretario de Salud federal, Jos\u00e9 Narro y el secretario de Salud estatal, C\u00e9sar G\u00f3mez.<\/p>\n<p>Por ello, Jos\u00e9 Narro reconoci\u00f3 la importancia de involucrar a la gente en la toma de decisiones pol\u00edticas y de atender con acciones de salud a la poblaci\u00f3n que m\u00e1s lo necesita, e invit\u00f3 a los mexiquenses a cuidar su salud y resalt\u00f3 el valor que tiene fortalecer la promoci\u00f3n, prevenci\u00f3n y detecci\u00f3n de enfermedades, por lo que reconoci\u00f3 el esfuerzo del Instituto de Salud del Estado de M\u00e9xico (ISEM) de realizar las Ferias de Salud en las comunidades de la entidad.<\/p>\n<p>Por su parte, el presidente del Gabinete Regional V, C\u00e9sar G\u00f3mez destac\u00f3 la importancia de salir a las colonias a escuchar a la poblaci\u00f3n y brindarle las herramientas para cuidar su bienestar. Adem\u00e1s, durante la Feria de Salud se brindaron servicios de desparasitaci\u00f3n, salud bucal, orientaci\u00f3n alimentaria, toma de peso y talla, \u00edndice de masa corporal, detecci\u00f3n de diabetes por tira reactiva, toma de glucosa, colesterol y triglic\u00e9ridos, valoraci\u00f3n m\u00e9dica general, as\u00ed como mastograf\u00edas y estudios de gabinete.<\/p>\n","protected":false},"excerpt":{"rendered":"<p>Para escuchar las necesidades de la poblaci\u00f3n y acercar servicios m\u00e9dicos, se realiz\u00f3 la primera sesi\u00f3n p\u00fablica del Gabinete Regional V en la explanada de la plaza de Santa Mar\u00eda Chiconautla, encabezada por el secretario de Salud federal, Jos\u00e9 Narro y el secretario de Salud estatal, C\u00e9sar G\u00f3mez.<\/p>\n","protected":false},"author":5,"featured_media":291906,"comment_status":"open","ping_status":"open","sticky":false,"template":"","format":"standard","meta":{"_monsterinsights_skip_tracking":false,"_monsterinsights_sitenote_active":false,"_monsterinsights_sitenote_note":"","_monsterinsights_sitenote_category":0,"footnotes":""},"categories":[35155],"tags":[52637,6609,54413],"class_list":["post-291905","post","type-post","status-publish","format-standard","has-post-thumbnail","hentry","category-estado-de-mexico-estado-de-mexico","tag-cesar-gomez","tag-mexiquenses","tag-servicios-medicos"],"_links":{"self":[{"href":"https:\/\/www.diarioimagen.net\/index.php?rest_route=\/wp\/v2\/posts\/291905","targetHints":{"allow":["GET"]}}],"collection":[{"href":"https:\/\/www.diarioimagen.net\/index.php?rest_route=\/wp\/v2\/posts"}],"about":[{"href":"https:\/\/www.diarioimagen.net\/index.php?rest_route=\/wp\/v2\/types\/post"}],"author":[{"embeddable":true,"href":"https:\/\/www.diarioimagen.net\/index.php?rest_route=\/wp\/v2\/users\/5"}],"replies":[{"embeddable":true,"href":"https:\/\/www.diarioimagen.net\/index.php?rest_route=%2Fwp%2Fv2%2Fcomments&post=291905"}],"version-history":[{"count":0,"href":"https:\/\/www.diarioimagen.net\/index.php?rest_route=\/wp\/v2\/posts\/291905\/revisions"}],"wp:featuredmedia":[{"embeddable":true,"href":"https:\/\/www.diarioimagen.net\/index.php?rest_route=\/wp\/v2\/media\/291906"}],"wp:attachment":[{"href":"https:\/\/www.diarioimagen.net\/index.php?rest_route=%2Fwp%2Fv2%2Fmedia&parent=291905"}],"wp:term":[{"taxonomy":"category","embeddable":true,"href":"https:\/\/www.diarioimagen.net\/index.php?rest_route=%2Fwp%2Fv2%2Fcategories&post=291905"},{"taxonomy":"post_tag","embeddable":true,"href":"https:\/\/www.diarioimagen.net\/index.php?rest_route=%2Fwp%2Fv2%2Ftags&post=291905"}],"curies":[{"name":"wp","href":"https:\/\/api.w.org\/{rel}","templated":true}]}}