{"id":291911,"date":"2016-10-04T00:10:01","date_gmt":"2016-10-04T05:10:01","guid":{"rendered":"http:\/\/www.diarioimagen.net\/?p=291911"},"modified":"2016-10-04T04:19:26","modified_gmt":"2016-10-04T09:19:26","slug":"instalara-difem-placas-en-braille-en-museos-de-toluca","status":"publish","type":"post","link":"https:\/\/www.diarioimagen.net\/?p=291911","title":{"rendered":"Instalar\u00e1 DIFEM placas en Braille en museos de Toluca"},"content":{"rendered":"<ul>\n<li><strong><em>Apoyan la inclusi\u00f3n cultural<\/em><\/strong><\/li>\n<\/ul>\n<p>&nbsp;<\/p>\n<div id=\"attachment_291912\" style=\"width: 430px\" class=\"wp-caption aligncenter\"><a href=\"http:\/\/www.diarioimagen.net\/?attachment_id=291912\" rel=\"attachment wp-att-291912\"><img loading=\"lazy\" decoding=\"async\" aria-describedby=\"caption-attachment-291912\" class=\"size-large wp-image-291912\" src=\"http:\/\/www.diarioimagen.net\/wp-content\/uploads\/2016\/10\/DIFEM4-portal-420x245.jpg\" alt=\"M\u00e1s de 100 personas acudieron a la primera Cena a Ciegas que realiz\u00f3 el DIF Estado de M\u00e9xico, con el objetivo de apoyar la inclusi\u00f3n cultural.\" width=\"420\" height=\"245\" srcset=\"https:\/\/www.diarioimagen.net\/wp-content\/uploads\/2016\/10\/DIFEM4-portal-420x245.jpg 420w, https:\/\/www.diarioimagen.net\/wp-content\/uploads\/2016\/10\/DIFEM4-portal-240x140.jpg 240w, https:\/\/www.diarioimagen.net\/wp-content\/uploads\/2016\/10\/DIFEM4-portal.jpg 480w\" sizes=\"auto, (max-width: 420px) 100vw, 420px\" \/><\/a><p id=\"caption-attachment-291912\" class=\"wp-caption-text\">M\u00e1s de 100 personas acudieron a la primera Cena a Ciegas que realiz\u00f3 el DIF Estado de M\u00e9xico, con el objetivo de apoyar la inclusi\u00f3n cultural.<\/p><\/div>\n<p>&nbsp;<\/p>\n<p><strong>Toluca, Estado de M\u00e9xico<\/strong>.- Desprenderse de la mirada por unas horas para poder vivir la sensaci\u00f3n de tener discapacidad visual, es lo que experimentaron m\u00e1s de 100 personas que acudieron a la primera Cena a Ciegas que realiz\u00f3 el DIF Estado de M\u00e9xico, con el objetivo de apoyar la inclusi\u00f3n cultural de quienes padecen ceguera, colocando placas informativas en Braille dentro de los museos ubicados en el primer centro de esta ciudad.<\/p>\n<p>Al llegar a la cita que tuvo lugar en el Museo Jos\u00e9 Mar\u00eda Velasco,\u00a0 los comensales pusieron a trabajar todos sus sentidos para sustituir al \u00fanico que no ten\u00edan, la vista, de este modo sus manos fueron la gu\u00eda para llegar a la mesa, su olfato, y gusto para conocer los alimentos de su platillo, mientras que con\u00a0 sus o\u00eddos pod\u00edan escuchar para entablar pl\u00e1tica con sus acompa\u00f1antes de mesa, a qui\u00e9nes no distingu\u00edan.<\/p>\n<p>Al llegar a su mesa, cada uno de los asistentes entre ellos\u00a0 Isis \u00c1vila Mu\u00f1oz, presidenta honoraria del DIFEM, en compa\u00f1\u00eda de Eduardo Gasca Pliego, secretario de Cultura, Carolina Alan\u00eds Moreno, directora general del DIFEM , as\u00ed como titulares de voluntariados estatales y de los Sistemas Municipales DIF, fueron guiados por 11 hombres y mujeres ciegos de la fundaci\u00f3n \u201cVemos con el Coraz\u00f3n\u201d para desplazarse, tomar sus cubiertos y poder degustar\u00a0 los alimentos, logrando por unas horas hacerlos reflexionar sobre la importancia de respetar, ayudar e incluir a quienes por accidente, enfermedad o nacimiento viven con ceguera.<\/p>\n<p>\u201c\u00c9ste ha sido uno de los ejercicios m\u00e1s importantes que he vivido, puesto que me ha hecho ponerme en los zapatos de quienes viven con oscuridad exterior, pero con una luz interior que los gu\u00eda para salir adelante, pese a las adversidades\u201d, expres\u00f3 Isis \u00c1vila.<\/p>\n<p>&nbsp;<\/p>\n","protected":false},"excerpt":{"rendered":"<p>Desprenderse de la mirada por unas horas para poder vivir la sensaci\u00f3n de tener discapacidad visual, es lo que experimentaron m\u00e1s de 100 personas<\/p>\n","protected":false},"author":5,"featured_media":291912,"comment_status":"open","ping_status":"open","sticky":false,"template":"","format":"standard","meta":{"_monsterinsights_skip_tracking":false,"_monsterinsights_sitenote_active":false,"_monsterinsights_sitenote_note":"","_monsterinsights_sitenote_category":0,"footnotes":""},"categories":[5],"tags":[394,28207,452],"class_list":["post-291911","post","type-post","status-publish","format-standard","has-post-thumbnail","hentry","category-estado-de-mexico","tag-difem","tag-isis-avila-munoz","tag-toluca"],"_links":{"self":[{"href":"https:\/\/www.diarioimagen.net\/index.php?rest_route=\/wp\/v2\/posts\/291911","targetHints":{"allow":["GET"]}}],"collection":[{"href":"https:\/\/www.diarioimagen.net\/index.php?rest_route=\/wp\/v2\/posts"}],"about":[{"href":"https:\/\/www.diarioimagen.net\/index.php?rest_route=\/wp\/v2\/types\/post"}],"author":[{"embeddable":true,"href":"https:\/\/www.diarioimagen.net\/index.php?rest_route=\/wp\/v2\/users\/5"}],"replies":[{"embeddable":true,"href":"https:\/\/www.diarioimagen.net\/index.php?rest_route=%2Fwp%2Fv2%2Fcomments&post=291911"}],"version-history":[{"count":0,"href":"https:\/\/www.diarioimagen.net\/index.php?rest_route=\/wp\/v2\/posts\/291911\/revisions"}],"wp:featuredmedia":[{"embeddable":true,"href":"https:\/\/www.diarioimagen.net\/index.php?rest_route=\/wp\/v2\/media\/291912"}],"wp:attachment":[{"href":"https:\/\/www.diarioimagen.net\/index.php?rest_route=%2Fwp%2Fv2%2Fmedia&parent=291911"}],"wp:term":[{"taxonomy":"category","embeddable":true,"href":"https:\/\/www.diarioimagen.net\/index.php?rest_route=%2Fwp%2Fv2%2Fcategories&post=291911"},{"taxonomy":"post_tag","embeddable":true,"href":"https:\/\/www.diarioimagen.net\/index.php?rest_route=%2Fwp%2Fv2%2Ftags&post=291911"}],"curies":[{"name":"wp","href":"https:\/\/api.w.org\/{rel}","templated":true}]}}