{"id":291918,"date":"2016-10-03T16:50:48","date_gmt":"2016-10-03T21:50:48","guid":{"rendered":"http:\/\/www.diarioimagen.net\/?p=291918"},"modified":"2016-10-05T00:00:48","modified_gmt":"2016-10-05T05:00:48","slug":"inauguran-foro-de-jovenes-contra-la-esclavitud-sexual","status":"publish","type":"post","link":"https:\/\/www.diarioimagen.net\/?p=291918","title":{"rendered":"Inauguran foro de j\u00f3venes contra la esclavitud sexual"},"content":{"rendered":"<ul>\n<li><em><strong>Se realiza en la UAEM<\/strong><\/em><\/li>\n<\/ul>\n<p>&nbsp;<\/p>\n<div id=\"attachment_291919\" style=\"width: 430px\" class=\"wp-caption aligncenter\"><a href=\"http:\/\/www.diarioimagen.net\/?attachment_id=291919\" rel=\"attachment wp-att-291919\"><img loading=\"lazy\" decoding=\"async\" aria-describedby=\"caption-attachment-291919\" class=\"size-large wp-image-291919\" src=\"http:\/\/www.diarioimagen.net\/wp-content\/uploads\/2016\/10\/ESCLAVITUD4-PORTAL-420x245.jpg\" alt=\"Ana Lilia Herrera Anzaldo, inaugur\u00f3 el Foro de Reflexi\u00f3n, An\u00e1lisis y Acci\u00f3n. Cero Tolerancia: J\u00f3venes contra la esclavitud sexual, realizado en la UAEM.\" width=\"420\" height=\"245\" srcset=\"https:\/\/www.diarioimagen.net\/wp-content\/uploads\/2016\/10\/ESCLAVITUD4-PORTAL-420x245.jpg 420w, https:\/\/www.diarioimagen.net\/wp-content\/uploads\/2016\/10\/ESCLAVITUD4-PORTAL-240x140.jpg 240w, https:\/\/www.diarioimagen.net\/wp-content\/uploads\/2016\/10\/ESCLAVITUD4-PORTAL.jpg 480w\" sizes=\"auto, (max-width: 420px) 100vw, 420px\" \/><\/a><p id=\"caption-attachment-291919\" class=\"wp-caption-text\">Ana Lilia Herrera Anzaldo, inaugur\u00f3 el Foro de Reflexi\u00f3n, An\u00e1lisis y Acci\u00f3n. Cero Tolerancia: J\u00f3venes contra la esclavitud sexual, realizado en la UAEM.<\/p><\/div>\n<p>&nbsp;<\/p>\n<p>Toluca, Mex.- Es momento de apretar el paso, ajustar la estructura institucional para erradicar la trata de personas y dejar de ser una sociedad cada d\u00eda m\u00e1s indiferente, afirm\u00f3 la secretaria de Educaci\u00f3n, Ana Lilia Herrera Anzaldo, en la inauguraci\u00f3n del Foro de Reflexi\u00f3n, An\u00e1lisis y Acci\u00f3n. Cero Tolerancia: J\u00f3venes contra la esclavitud sexual, realizado en la Universidad Aut\u00f3noma del Estado de M\u00e9xico.<\/p>\n<p>En presencia del rector de la UAEM, Jorge Olvera Garc\u00eda; y la presidenta de la Comisi\u00f3n Unidos Contra la Trata de Personas, Rosi Orozco Villalobos; la secretaria de educaci\u00f3n mexiquense reconoci\u00f3 que la difusi\u00f3n de acciones para prevenir las conductas delictivas son insuficientes; sin embargo refiri\u00f3 que en los \u00faltimos cinco a\u00f1os se ha creado la Comisi\u00f3n Intersecretarial para Prevenir y Sancionar la Trata de Personas; as\u00ed como un Programa Nacional con relaci\u00f3n a este delito.<\/p>\n<p>Herrera Anzaldo detall\u00f3 que para la actual administraci\u00f3n, encabezada por el gobernador Eruviel \u00c1vila Villegas, la educaci\u00f3n transforma vidas, por tal motivo el Estado de M\u00e9xico se ha convertido en la entidad federativa que m\u00e1s becas otorga a sus estudiantes y muestra de ello es que durante el presente a\u00f1o se entregar\u00e1n 200 mil beneficios en 25 modalidades.<\/p>\n<p>En su intervenci\u00f3n, el rector Jorge Olvera precis\u00f3 que la apertura de estos espacios de expresi\u00f3n, tienen como finalidad contribuir a la formaci\u00f3n de hombres y mujeres libres, pero al mismo tiempo, preocupados y ocupados en temas que est\u00e1n lacerando la unidad social. Exhort\u00f3 a los directores de las Facultades de Derecho y de Ciencias Pol\u00edticas y Sociales a seguir trabajando para erradicar este delito mediante el seguimiento, evaluaci\u00f3n y creaci\u00f3n de m\u00e1s espacios como el que hoy convoca.<\/p>\n<p>Por su parte, Rosi Orozco, presidenta de la Comisi\u00f3n Unidos contra la Trata, expres\u00f3 que una sociedad ego\u00edsta que pretende vivir sin inmiscuirse en los problemas del pa\u00eds, no tiene esperanzas de prosperar, por lo que agradeci\u00f3 el respaldo de instituciones p\u00fablicas al ponerse de lado de quienes son vulnerables y reconoci\u00f3 las decisiones que ha tomado el gobernador Eruviel \u00c1vila Villegas para erradicar ese problema que amenaza a todos por igual.<\/p>\n","protected":false},"excerpt":{"rendered":"<p>Es momento de apretar el paso, ajustar la estructura institucional para erradicar la trata de personas y dejar de ser una sociedad cada d\u00eda m\u00e1s indiferente, afirm\u00f3 la secretaria de Educaci\u00f3n, Ana Lilia Herrera Anzaldo, en la inauguraci\u00f3n del Foro de Reflexi\u00f3n, An\u00e1lisis y Acci\u00f3n. Cero Tolerancia: J\u00f3venes contra la esclavitud sexual, realizado en la Universidad Aut\u00f3noma del Estado de M\u00e9xico.<\/p>\n","protected":false},"author":5,"featured_media":291919,"comment_status":"open","ping_status":"open","sticky":false,"template":"","format":"standard","meta":{"_monsterinsights_skip_tracking":false,"_monsterinsights_sitenote_active":false,"_monsterinsights_sitenote_note":"","_monsterinsights_sitenote_category":0,"footnotes":""},"categories":[35155],"tags":[3314,5828,27015],"class_list":["post-291918","post","type-post","status-publish","format-standard","has-post-thumbnail","hentry","category-estado-de-mexico-estado-de-mexico","tag-ana-lilia-herrera-anzaldo","tag-eruviel-avila-villegas","tag-jorge-olvera-garcia"],"_links":{"self":[{"href":"https:\/\/www.diarioimagen.net\/index.php?rest_route=\/wp\/v2\/posts\/291918","targetHints":{"allow":["GET"]}}],"collection":[{"href":"https:\/\/www.diarioimagen.net\/index.php?rest_route=\/wp\/v2\/posts"}],"about":[{"href":"https:\/\/www.diarioimagen.net\/index.php?rest_route=\/wp\/v2\/types\/post"}],"author":[{"embeddable":true,"href":"https:\/\/www.diarioimagen.net\/index.php?rest_route=\/wp\/v2\/users\/5"}],"replies":[{"embeddable":true,"href":"https:\/\/www.diarioimagen.net\/index.php?rest_route=%2Fwp%2Fv2%2Fcomments&post=291918"}],"version-history":[{"count":0,"href":"https:\/\/www.diarioimagen.net\/index.php?rest_route=\/wp\/v2\/posts\/291918\/revisions"}],"wp:featuredmedia":[{"embeddable":true,"href":"https:\/\/www.diarioimagen.net\/index.php?rest_route=\/wp\/v2\/media\/291919"}],"wp:attachment":[{"href":"https:\/\/www.diarioimagen.net\/index.php?rest_route=%2Fwp%2Fv2%2Fmedia&parent=291918"}],"wp:term":[{"taxonomy":"category","embeddable":true,"href":"https:\/\/www.diarioimagen.net\/index.php?rest_route=%2Fwp%2Fv2%2Fcategories&post=291918"},{"taxonomy":"post_tag","embeddable":true,"href":"https:\/\/www.diarioimagen.net\/index.php?rest_route=%2Fwp%2Fv2%2Ftags&post=291918"}],"curies":[{"name":"wp","href":"https:\/\/api.w.org\/{rel}","templated":true}]}}