{"id":291966,"date":"2016-10-04T00:06:36","date_gmt":"2016-10-04T05:06:36","guid":{"rendered":"http:\/\/www.diarioimagen.net\/?p=291966"},"modified":"2016-10-04T02:58:58","modified_gmt":"2016-10-04T07:58:58","slug":"alcaldesa-ana-balderas-presenta-actividades-de-luminaria-2016","status":"publish","type":"post","link":"https:\/\/www.diarioimagen.net\/?p=291966","title":{"rendered":"Alcaldesa Ana Balderas presenta actividades de \u201cLuminaria 2016\u201d"},"content":{"rendered":"<ul>\n<li><strong><em>Festival de las artes<\/em><\/strong><\/li>\n<\/ul>\n<p>&nbsp;<\/p>\n<div id=\"attachment_292013\" style=\"width: 430px\" class=\"wp-caption aligncenter\"><a href=\"http:\/\/www.diarioimagen.net\/?attachment_id=292013\" rel=\"attachment wp-att-292013\"><img loading=\"lazy\" decoding=\"async\" aria-describedby=\"caption-attachment-292013\" class=\"size-large wp-image-292013\" src=\"http:\/\/www.diarioimagen.net\/wp-content\/uploads\/2016\/10\/ATIZAPAN-2967-420x236.jpg\" alt=\"Ana Mar\u00eda Balderas Trejo encabez\u00f3 la presentaci\u00f3n del Festival de las Artes Luminaria 2016.\" width=\"420\" height=\"236\" srcset=\"https:\/\/www.diarioimagen.net\/wp-content\/uploads\/2016\/10\/ATIZAPAN-2967-420x236.jpg 420w, https:\/\/www.diarioimagen.net\/wp-content\/uploads\/2016\/10\/ATIZAPAN-2967-240x135.jpg 240w, https:\/\/www.diarioimagen.net\/wp-content\/uploads\/2016\/10\/ATIZAPAN-2967-768x431.jpg 768w, https:\/\/www.diarioimagen.net\/wp-content\/uploads\/2016\/10\/ATIZAPAN-2967-480x270.jpg 480w, https:\/\/www.diarioimagen.net\/wp-content\/uploads\/2016\/10\/ATIZAPAN-2967-235x132.jpg 235w, https:\/\/www.diarioimagen.net\/wp-content\/uploads\/2016\/10\/ATIZAPAN-2967-202x114.jpg 202w, https:\/\/www.diarioimagen.net\/wp-content\/uploads\/2016\/10\/ATIZAPAN-2967-350x196.jpg 350w, https:\/\/www.diarioimagen.net\/wp-content\/uploads\/2016\/10\/ATIZAPAN-2967-220x123.jpg 220w, https:\/\/www.diarioimagen.net\/wp-content\/uploads\/2016\/10\/ATIZAPAN-2967-237x132.jpg 237w, https:\/\/www.diarioimagen.net\/wp-content\/uploads\/2016\/10\/ATIZAPAN-2967.jpg 956w\" sizes=\"auto, (max-width: 420px) 100vw, 420px\" \/><\/a><p id=\"caption-attachment-292013\" class=\"wp-caption-text\">Ana Mar\u00eda Balderas Trejo encabez\u00f3 la presentaci\u00f3n del Festival de las Artes Luminaria 2016.<\/p><\/div>\n<p>&nbsp;<\/p>\n<p><strong>Atizap\u00e1n, Estado de M\u00e9xico<\/strong>.- La presidenta municipal, Ana Mar\u00eda Balderas Trejo, encabez\u00f3 la presentaci\u00f3n del Festival de las Artes \u201cLuminaria 2016\u201d, mismo que se ha convertido en el m\u00e1s importantes en el Estado de M\u00e9xico y que ha destacado para posicionarse como uno de los m\u00e1s esperados en esta regi\u00f3n del pa\u00eds por m\u00e1s de 15 a\u00f1os, logrando la colaboraci\u00f3n con diferentes festivales como el Cervantino, a trav\u00e9s de la aportaci\u00f3n de artistas, no s\u00f3lo locales y nacionales, sino de diferentes pa\u00edses.<\/p>\n<p>En medio de esta majestuosa noche, tambi\u00e9n fue develada la reproducci\u00f3n del original \u00a0\u201cC\u00f3dice de Santa Mar\u00eda Calacohuayan\u201d, que se encuentra en la Biblioteca Sutro de la Librer\u00eda Estatal de California, Estados Unidos, siendo un \u00a0c\u00f3dice de autor desconocido, que consta de tres hojas de papel de maguey pintadas por ambos lados, con glosas de corta extensi\u00f3n escritas en n\u00e1huatl.<\/p>\n<p>Asimismo, forma parte de un grupo\u00a0 de c\u00f3dices llamados Techialoyan, elaborados en lugares del centro de M\u00e9xico hacia la segunda mitad del siglo XVII y principios del XVIII.\u00a0En \u00e9l se observa la ubicaci\u00f3n de las tierras del pueblo de Calacoaya, medidas en mecates, forma prehisp\u00e1nica de medir las tierras. Los linderos se muestran en lo magueyales, planta que caracteriza a Atizap\u00e1n.<\/p>\n<p>En esta XV edici\u00f3n del festival es importante resaltar la femineidad y nuestra identidad como atizapenses, pues es la primera vez que nuestro municipio es gobernado por una mujer, siendo la presidenta municipal, Ana Mar\u00eda Balderas Trejo<\/p>\n<p>En su mensaje extern\u00f3 la importancia de rescatar las ra\u00edces de nuestro municipio, al igual que destac\u00f3 que este luminaria tiene un toque muy diferente a los anteriores, debido a que se han involucrado varias \u00e1reas de la administraci\u00f3n y se han tratado de representar en toda la imagen de este festival que va dirigido a todos los atizapenses, con una magna inauguraci\u00f3n el martes 11 de octubre y concluye el domingo 23, con la presentaci\u00f3n de Yuri.<\/p>\n<p>&nbsp;<\/p>\n","protected":false},"excerpt":{"rendered":"<p>La presidenta municipal, Ana Mar\u00eda Balderas Trejo, encabez\u00f3 la presentaci\u00f3n del Festival de las Artes \u201cLuminaria 2016\u201d, mismo que se ha convertido en el m\u00e1s importantes en el Estado de M\u00e9xico y que ha destacado para posicionarse como uno de los m\u00e1s esperados en esta regi\u00f3n del pa\u00eds por m\u00e1s de 15 a\u00f1os, logrando la colaboraci\u00f3n con diferentes festivales como el Cervantino, a trav\u00e9s de la aportaci\u00f3n de artistas, no s\u00f3lo locales y nacionales, sino de diferentes pa\u00edses.<\/p>\n","protected":false},"author":3,"featured_media":292013,"comment_status":"open","ping_status":"open","sticky":false,"template":"","format":"standard","meta":{"_monsterinsights_skip_tracking":false,"_monsterinsights_sitenote_active":false,"_monsterinsights_sitenote_note":"","_monsterinsights_sitenote_category":0,"footnotes":""},"categories":[35155],"tags":[969,43675],"class_list":["post-291966","post","type-post","status-publish","format-standard","has-post-thumbnail","hentry","category-estado-de-mexico-estado-de-mexico","tag-atizapan","tag-estado-de-mexico"],"_links":{"self":[{"href":"https:\/\/www.diarioimagen.net\/index.php?rest_route=\/wp\/v2\/posts\/291966","targetHints":{"allow":["GET"]}}],"collection":[{"href":"https:\/\/www.diarioimagen.net\/index.php?rest_route=\/wp\/v2\/posts"}],"about":[{"href":"https:\/\/www.diarioimagen.net\/index.php?rest_route=\/wp\/v2\/types\/post"}],"author":[{"embeddable":true,"href":"https:\/\/www.diarioimagen.net\/index.php?rest_route=\/wp\/v2\/users\/3"}],"replies":[{"embeddable":true,"href":"https:\/\/www.diarioimagen.net\/index.php?rest_route=%2Fwp%2Fv2%2Fcomments&post=291966"}],"version-history":[{"count":0,"href":"https:\/\/www.diarioimagen.net\/index.php?rest_route=\/wp\/v2\/posts\/291966\/revisions"}],"wp:featuredmedia":[{"embeddable":true,"href":"https:\/\/www.diarioimagen.net\/index.php?rest_route=\/wp\/v2\/media\/292013"}],"wp:attachment":[{"href":"https:\/\/www.diarioimagen.net\/index.php?rest_route=%2Fwp%2Fv2%2Fmedia&parent=291966"}],"wp:term":[{"taxonomy":"category","embeddable":true,"href":"https:\/\/www.diarioimagen.net\/index.php?rest_route=%2Fwp%2Fv2%2Fcategories&post=291966"},{"taxonomy":"post_tag","embeddable":true,"href":"https:\/\/www.diarioimagen.net\/index.php?rest_route=%2Fwp%2Fv2%2Ftags&post=291966"}],"curies":[{"name":"wp","href":"https:\/\/api.w.org\/{rel}","templated":true}]}}