{"id":291972,"date":"2016-10-04T00:04:01","date_gmt":"2016-10-04T05:04:01","guid":{"rendered":"http:\/\/www.diarioimagen.net\/?p=291972"},"modified":"2016-10-04T03:21:12","modified_gmt":"2016-10-04T08:21:12","slug":"realiza-dif-de-metepec-acciones-para-prevenir-el-cancer-de-mama","status":"publish","type":"post","link":"https:\/\/www.diarioimagen.net\/?p=291972","title":{"rendered":"Realiza DIF de Metepec acciones para prevenir el c\u00e1ncer de mama"},"content":{"rendered":"<ul>\n<li><strong><em>Ofrece mastograf\u00edas gratuitas<\/em><\/strong><\/li>\n<\/ul>\n<p>&nbsp;<\/p>\n<div id=\"attachment_292046\" style=\"width: 430px\" class=\"wp-caption aligncenter\"><a href=\"http:\/\/www.diarioimagen.net\/?attachment_id=292046\" rel=\"attachment wp-att-292046\"><img loading=\"lazy\" decoding=\"async\" aria-describedby=\"caption-attachment-292046\" class=\"size-large wp-image-292046\" src=\"http:\/\/www.diarioimagen.net\/wp-content\/uploads\/2016\/10\/METEPEC-2967-420x236.jpg\" alt=\"El DIF de Metepec inicio el registro para la realizaci\u00f3n de mastograf\u00edas los d\u00edas 11, 18 y 25 de octubre.\" width=\"420\" height=\"236\" srcset=\"https:\/\/www.diarioimagen.net\/wp-content\/uploads\/2016\/10\/METEPEC-2967-420x236.jpg 420w, https:\/\/www.diarioimagen.net\/wp-content\/uploads\/2016\/10\/METEPEC-2967-240x135.jpg 240w, https:\/\/www.diarioimagen.net\/wp-content\/uploads\/2016\/10\/METEPEC-2967-235x132.jpg 235w, https:\/\/www.diarioimagen.net\/wp-content\/uploads\/2016\/10\/METEPEC-2967-202x114.jpg 202w, https:\/\/www.diarioimagen.net\/wp-content\/uploads\/2016\/10\/METEPEC-2967-350x196.jpg 350w, https:\/\/www.diarioimagen.net\/wp-content\/uploads\/2016\/10\/METEPEC-2967-220x123.jpg 220w, https:\/\/www.diarioimagen.net\/wp-content\/uploads\/2016\/10\/METEPEC-2967-237x132.jpg 237w, https:\/\/www.diarioimagen.net\/wp-content\/uploads\/2016\/10\/METEPEC-2967.jpg 480w\" sizes=\"auto, (max-width: 420px) 100vw, 420px\" \/><\/a><p id=\"caption-attachment-292046\" class=\"wp-caption-text\">El DIF de Metepec inicio el registro para la realizaci\u00f3n de mastograf\u00edas los d\u00edas 11, 18 y 25 de octubre.<\/p><\/div>\n<p>&nbsp;<\/p>\n<p><strong>Metepec, Estado de M\u00e9xico<\/strong>. Como parte de las acciones de prevenci\u00f3n de c\u00e1ncer de mama, el Sistema Municipal DIF de esta ciudad, inici\u00f3 el registro para que los d\u00edas 11, 18 y 25 de octubre la poblaci\u00f3n femenina acuda a realizarse mastograf\u00edas sin costo alguno al Centro M\u00e9dico Adolfo L\u00f3pez Mateos de la capital mexiquense.<\/p>\n<p>De acuerdo con Gabriela Bringas Abarca, presidenta del organismo asistencial, estas acciones se llevan a cabo de manera permanente gracias al apoyo de la Secretar\u00eda de Salud del Estado de M\u00e9xico.<\/p>\n<p>Agreg\u00f3 que los requisitos para que las mujeres puedan realizarse el estudio son: tener 40 a\u00f1os de edad en adelante y no haberse realizado una mamograf\u00eda con anterioridad. Las interesadas pueden agendar su cita en las oficinas del organismo asistencial ubicadas en Manuel J. Clouthier n\u00famero 70, en Izcalli Cuauht\u00e9moc V o en los n\u00fameros telef\u00f3nicos 2.08.26.36, ext. 110 y 2.35.20.34.<\/p>\n<p>&nbsp;<\/p>\n","protected":false},"excerpt":{"rendered":"<p>Como parte de las acciones de prevenci\u00f3n de c\u00e1ncer de mama, el Sistema Municipal DIF de esta ciudad, inici\u00f3 el registro para que los d\u00edas 11, 18 y 25 de octubre la poblaci\u00f3n femenina acuda a realizarse mastograf\u00edas sin costo alguno al Centro M\u00e9dico Adolfo L\u00f3pez Mateos de la capital mexiquense. <\/p>\n","protected":false},"author":3,"featured_media":292046,"comment_status":"open","ping_status":"open","sticky":false,"template":"","format":"standard","meta":{"_monsterinsights_skip_tracking":false,"_monsterinsights_sitenote_active":false,"_monsterinsights_sitenote_note":"","_monsterinsights_sitenote_category":0,"footnotes":""},"categories":[35155],"tags":[46009,2515,43675,876],"class_list":["post-291972","post","type-post","status-publish","format-standard","has-post-thumbnail","hentry","category-estado-de-mexico-estado-de-mexico","tag-acciones","tag-cancer-de-mama","tag-estado-de-mexico","tag-metepec"],"_links":{"self":[{"href":"https:\/\/www.diarioimagen.net\/index.php?rest_route=\/wp\/v2\/posts\/291972","targetHints":{"allow":["GET"]}}],"collection":[{"href":"https:\/\/www.diarioimagen.net\/index.php?rest_route=\/wp\/v2\/posts"}],"about":[{"href":"https:\/\/www.diarioimagen.net\/index.php?rest_route=\/wp\/v2\/types\/post"}],"author":[{"embeddable":true,"href":"https:\/\/www.diarioimagen.net\/index.php?rest_route=\/wp\/v2\/users\/3"}],"replies":[{"embeddable":true,"href":"https:\/\/www.diarioimagen.net\/index.php?rest_route=%2Fwp%2Fv2%2Fcomments&post=291972"}],"version-history":[{"count":0,"href":"https:\/\/www.diarioimagen.net\/index.php?rest_route=\/wp\/v2\/posts\/291972\/revisions"}],"wp:featuredmedia":[{"embeddable":true,"href":"https:\/\/www.diarioimagen.net\/index.php?rest_route=\/wp\/v2\/media\/292046"}],"wp:attachment":[{"href":"https:\/\/www.diarioimagen.net\/index.php?rest_route=%2Fwp%2Fv2%2Fmedia&parent=291972"}],"wp:term":[{"taxonomy":"category","embeddable":true,"href":"https:\/\/www.diarioimagen.net\/index.php?rest_route=%2Fwp%2Fv2%2Fcategories&post=291972"},{"taxonomy":"post_tag","embeddable":true,"href":"https:\/\/www.diarioimagen.net\/index.php?rest_route=%2Fwp%2Fv2%2Ftags&post=291972"}],"curies":[{"name":"wp","href":"https:\/\/api.w.org\/{rel}","templated":true}]}}