{"id":291978,"date":"2016-10-04T00:08:52","date_gmt":"2016-10-04T05:08:52","guid":{"rendered":"http:\/\/www.diarioimagen.net\/?p=291978"},"modified":"2016-10-05T00:03:46","modified_gmt":"2016-10-05T05:03:46","slug":"hoy-se-inaugura-el-sistema-de-transporte-mexicable-ecatepec","status":"publish","type":"post","link":"https:\/\/www.diarioimagen.net\/?p=291978","title":{"rendered":"Hoy se inaugura el Sistema de Transporte Mexicable-Ecatepec"},"content":{"rendered":"<ul>\n<li><strong><em>T\u00e9cnicamente el servicio ha sido certificado para dar a los ecatepequenses una alternativa de traslado innovadora<\/em><\/strong><\/li>\n<\/ul>\n<h6>Jos\u00e9 Luis Monta\u00f1ez<\/h6>\n<div id=\"attachment_292061\" style=\"width: 250px\" class=\"wp-caption alignleft\"><a href=\"http:\/\/www.diarioimagen.net\/?attachment_id=292061\" rel=\"attachment wp-att-292061\"><img loading=\"lazy\" decoding=\"async\" aria-describedby=\"caption-attachment-292061\" class=\"size-medium wp-image-292061\" src=\"http:\/\/www.diarioimagen.net\/wp-content\/uploads\/2016\/10\/eruviel-2967-240x154.jpg\" alt=\"Las g\u00f3ndolas ser\u00e1n de f\u00e1cil acceso, incluso para las personas con capacidades diferentes.\" width=\"240\" height=\"154\" srcset=\"https:\/\/www.diarioimagen.net\/wp-content\/uploads\/2016\/10\/eruviel-2967-240x154.jpg 240w, https:\/\/www.diarioimagen.net\/wp-content\/uploads\/2016\/10\/eruviel-2967-420x270.jpg 420w, https:\/\/www.diarioimagen.net\/wp-content\/uploads\/2016\/10\/eruviel-2967.jpg 700w\" sizes=\"auto, (max-width: 240px) 100vw, 240px\" \/><\/a><p id=\"caption-attachment-292061\" class=\"wp-caption-text\">Las g\u00f3ndolas ser\u00e1n de f\u00e1cil acceso, incluso para las personas con capacidades diferentes.<\/p><\/div>\n<p>Con cinco estaciones, dos terminales, 185 g\u00f3ndolas y una longitud de cinco kil\u00f3metros, se inaugura hoy el Mexicable-Ecatepec, mismo que conectar\u00e1 con la l\u00ednea cuatro del Mexib\u00fas, inform\u00f3 anoche el gobernador del Estado de M\u00e9xico, Eruviel \u00c1vila Villegas.<\/p>\n<p>Ser\u00e1 el presidente de M\u00e9xico, Enrique Pe\u00f1a Nieto, quien junto con el mandatario estatal, recorrer\u00e1n, a partir de la estaci\u00f3n La Ca\u00f1ada, la obra que mejorar\u00e1 la movilidad de los habitantes de las zonas altas del municipio m\u00e1s poblado del pa\u00eds.<\/p>\n<p>En diez ciudades del mundo, incluyendo Colombia, Brasil y Venezuela, se opera ya con \u00e9xito este tipo de servicio de baja contaminaci\u00f3n y que ayuda a transportar a miles de pasajeros desde los barrios y colonias asentadas en las monta\u00f1as a sus lugares de trabajo, estudio o centros comerciales.<\/p>\n<p>&nbsp;<\/p>\n","protected":false},"excerpt":{"rendered":"<p><span style=\"color: #005497;\">Jos\u00e9 Luis Monta\u00f1ez Aguilar<\/span><br \/>\n<br \/>\nCon cinco estaciones, dos terminales, 185 g\u00f3ndolas y una longitud de cinco kil\u00f3metros, se inaugura hoy el Mexicable-Ecatepec, mismo que conectar\u00e1 con la l\u00ednea cuatro del Mexib\u00fas, inform\u00f3 anoche el gobernador del Estado de M\u00e9xico, Eruviel \u00c1vila Villegas.<\/p>\n","protected":false},"author":3,"featured_media":292061,"comment_status":"open","ping_status":"open","sticky":false,"template":"","format":"standard","meta":{"_monsterinsights_skip_tracking":false,"_monsterinsights_sitenote_active":false,"_monsterinsights_sitenote_note":"","_monsterinsights_sitenote_category":0,"footnotes":""},"categories":[5],"tags":[43675],"class_list":["post-291978","post","type-post","status-publish","format-standard","has-post-thumbnail","hentry","category-estado-de-mexico","tag-estado-de-mexico"],"_links":{"self":[{"href":"https:\/\/www.diarioimagen.net\/index.php?rest_route=\/wp\/v2\/posts\/291978","targetHints":{"allow":["GET"]}}],"collection":[{"href":"https:\/\/www.diarioimagen.net\/index.php?rest_route=\/wp\/v2\/posts"}],"about":[{"href":"https:\/\/www.diarioimagen.net\/index.php?rest_route=\/wp\/v2\/types\/post"}],"author":[{"embeddable":true,"href":"https:\/\/www.diarioimagen.net\/index.php?rest_route=\/wp\/v2\/users\/3"}],"replies":[{"embeddable":true,"href":"https:\/\/www.diarioimagen.net\/index.php?rest_route=%2Fwp%2Fv2%2Fcomments&post=291978"}],"version-history":[{"count":0,"href":"https:\/\/www.diarioimagen.net\/index.php?rest_route=\/wp\/v2\/posts\/291978\/revisions"}],"wp:featuredmedia":[{"embeddable":true,"href":"https:\/\/www.diarioimagen.net\/index.php?rest_route=\/wp\/v2\/media\/292061"}],"wp:attachment":[{"href":"https:\/\/www.diarioimagen.net\/index.php?rest_route=%2Fwp%2Fv2%2Fmedia&parent=291978"}],"wp:term":[{"taxonomy":"category","embeddable":true,"href":"https:\/\/www.diarioimagen.net\/index.php?rest_route=%2Fwp%2Fv2%2Fcategories&post=291978"},{"taxonomy":"post_tag","embeddable":true,"href":"https:\/\/www.diarioimagen.net\/index.php?rest_route=%2Fwp%2Fv2%2Ftags&post=291978"}],"curies":[{"name":"wp","href":"https:\/\/api.w.org\/{rel}","templated":true}]}}