{"id":292204,"date":"2016-10-05T00:05:16","date_gmt":"2016-10-05T05:05:16","guid":{"rendered":"http:\/\/www.diarioimagen.net\/?p=292204"},"modified":"2016-10-05T04:08:54","modified_gmt":"2016-10-05T09:08:54","slug":"herrera-anzaldo-visita-por-segunda-ocasion-la-utfv-en-nicolas-romero","status":"publish","type":"post","link":"https:\/\/www.diarioimagen.net\/?p=292204","title":{"rendered":"Herrera Anzaldo visita por segunda ocasi\u00f3n la UTFV en Nicol\u00e1s Romero"},"content":{"rendered":"<ul>\n<li><strong><em>Entrega de vales para \u00fatiles escolares<\/em><\/strong><\/li>\n<\/ul>\n<p>&nbsp;<\/p>\n<div id=\"attachment_292258\" style=\"width: 430px\" class=\"wp-caption aligncenter\"><a href=\"http:\/\/www.diarioimagen.net\/?attachment_id=292258\" rel=\"attachment wp-att-292258\"><img loading=\"lazy\" decoding=\"async\" aria-describedby=\"caption-attachment-292258\" class=\"size-large wp-image-292258\" src=\"http:\/\/www.diarioimagen.net\/wp-content\/uploads\/2016\/10\/nicolas-romero-2968-420x271.jpg\" alt=\"Ana Lilia Herrera, acompa\u00f1ada del rector, Rodrigo Gudi\u00f1o D\u00edaz y la alcaldesa Angelina Carre\u00f1o Mijares, develaron las placas inaugurales del \u201cCentro de Negocios\u201d y de la \u201cZona Cultural\u201d.\" width=\"420\" height=\"271\" srcset=\"https:\/\/www.diarioimagen.net\/wp-content\/uploads\/2016\/10\/nicolas-romero-2968-420x271.jpg 420w, https:\/\/www.diarioimagen.net\/wp-content\/uploads\/2016\/10\/nicolas-romero-2968-240x155.jpg 240w, https:\/\/www.diarioimagen.net\/wp-content\/uploads\/2016\/10\/nicolas-romero-2968.jpg 700w\" sizes=\"auto, (max-width: 420px) 100vw, 420px\" \/><\/a><p id=\"caption-attachment-292258\" class=\"wp-caption-text\">Ana Lilia Herrera, acompa\u00f1ada del rector, Rodrigo Gudi\u00f1o D\u00edaz y la alcaldesa Angelina Carre\u00f1o Mijares, develaron las placas inaugurales del \u201cCentro de Negocios\u201d y de la \u201cZona Cultural\u201d.<\/p><\/div>\n<p>&nbsp;<\/p>\n<p><strong>Nicol\u00e1s Romero, Estado de M\u00e9xico<\/strong>.- Al representar al gobernador del Estado de M\u00e9xico, Eruviel \u00c1vila Villegas, en la entrega de vales para \u00fatiles escolares y equipos de c\u00f3mputo a beneficiados del INEA, Ana Lilia Herrera visit\u00f3 por segunda ocasi\u00f3n\u00a0 la Universidad Tecnol\u00f3gica Fidel Vel\u00e1zquez, en d\u00f3nde adem\u00e1s acompa\u00f1ada del rector, Rodrigo Gudi\u00f1o D\u00edaz y la presidenta municipal, Angelina Carre\u00f1o Mijares,\u00a0 develaron las placas inaugurales del \u201cCentro de Negocios\u201d y de la \u201cZona Cultural\u201d, ubicada en el casco de la hacienda y que hoy establece un lugar fijo a los alumnos de la universidad para desarrollar sus actividades\u00a0 art\u00edsticas, tales como el dibujo, canto, m\u00fasica, ballet, entre otros.<\/p>\n<p>Ya para concluir la gira, entreg\u00f3 t\u00edtulos\u00a0 y c\u00e9dulas a\u00a0 egresados de la universidad, a quienes les dese\u00f3 \u00e9xito en la vida y a sentirse orgullosos de ser dragones en una de las universidades m\u00e1s lindas del pa\u00eds, refiri\u00f3 en su intervenci\u00f3n la secretaria de Educaci\u00f3n del gobierno de Estado de M\u00e9xico.<\/p>\n<p>La alcaldesa, Angelina Carre\u00f1o Mijares, agradeci\u00f3 el apoyo del gobernador mexiquense Eruviel \u00c1vila Villegas para con la educaci\u00f3n de los j\u00f3venes y adultos de Nicol\u00e1s Romero y felicit\u00f3 a la universidad por el crecimiento de infraestructura para los alumnos que practican las artes.<\/p>\n<p>&nbsp;<\/p>\n","protected":false},"excerpt":{"rendered":"<p>Al representar al gobernador del Estado de M\u00e9xico, Eruviel \u00c1vila Villegas, en la entrega de vales para \u00fatiles escolares y equipos de c\u00f3mputo a beneficiados del INEA, Ana Lilia Herrera visit\u00f3 por segunda ocasi\u00f3n  la Universidad Tecnol\u00f3gica Fidel Vel\u00e1zquez, en d\u00f3nde adem\u00e1s acompa\u00f1ada del rector, Rodrigo Gudi\u00f1o D\u00edaz y la presidenta municipal, Angelina Carre\u00f1o Mijares,  develaron las placas inaugurales del \u201cCentro de Negocios\u201d y de la \u201cZona Cultural\u201d, ubicada en el casco de la hacienda y que hoy establece un lugar fijo a los alumnos de la universidad para desarrollar sus actividades  art\u00edsticas, tales como el dibujo, canto, m\u00fasica, ballet, entre otros.<\/p>\n","protected":false},"author":3,"featured_media":292258,"comment_status":"open","ping_status":"open","sticky":false,"template":"","format":"standard","meta":{"_monsterinsights_skip_tracking":false,"_monsterinsights_sitenote_active":false,"_monsterinsights_sitenote_note":"","_monsterinsights_sitenote_category":0,"footnotes":""},"categories":[35155],"tags":[43675,752],"class_list":["post-292204","post","type-post","status-publish","format-standard","has-post-thumbnail","hentry","category-estado-de-mexico-estado-de-mexico","tag-estado-de-mexico","tag-nicolas-romero"],"_links":{"self":[{"href":"https:\/\/www.diarioimagen.net\/index.php?rest_route=\/wp\/v2\/posts\/292204","targetHints":{"allow":["GET"]}}],"collection":[{"href":"https:\/\/www.diarioimagen.net\/index.php?rest_route=\/wp\/v2\/posts"}],"about":[{"href":"https:\/\/www.diarioimagen.net\/index.php?rest_route=\/wp\/v2\/types\/post"}],"author":[{"embeddable":true,"href":"https:\/\/www.diarioimagen.net\/index.php?rest_route=\/wp\/v2\/users\/3"}],"replies":[{"embeddable":true,"href":"https:\/\/www.diarioimagen.net\/index.php?rest_route=%2Fwp%2Fv2%2Fcomments&post=292204"}],"version-history":[{"count":0,"href":"https:\/\/www.diarioimagen.net\/index.php?rest_route=\/wp\/v2\/posts\/292204\/revisions"}],"wp:featuredmedia":[{"embeddable":true,"href":"https:\/\/www.diarioimagen.net\/index.php?rest_route=\/wp\/v2\/media\/292258"}],"wp:attachment":[{"href":"https:\/\/www.diarioimagen.net\/index.php?rest_route=%2Fwp%2Fv2%2Fmedia&parent=292204"}],"wp:term":[{"taxonomy":"category","embeddable":true,"href":"https:\/\/www.diarioimagen.net\/index.php?rest_route=%2Fwp%2Fv2%2Fcategories&post=292204"},{"taxonomy":"post_tag","embeddable":true,"href":"https:\/\/www.diarioimagen.net\/index.php?rest_route=%2Fwp%2Fv2%2Ftags&post=292204"}],"curies":[{"name":"wp","href":"https:\/\/api.w.org\/{rel}","templated":true}]}}