{"id":292212,"date":"2016-10-05T00:14:36","date_gmt":"2016-10-05T05:14:36","guid":{"rendered":"http:\/\/www.diarioimagen.net\/?p=292212"},"modified":"2016-10-05T04:15:33","modified_gmt":"2016-10-05T09:15:33","slug":"matan-y-sepultan-en-el-jardin-a-un-maestro-de-la-unam","status":"publish","type":"post","link":"https:\/\/www.diarioimagen.net\/?p=292212","title":{"rendered":"Matan y sepultan en el jard\u00edn a un maestro de la UNAM"},"content":{"rendered":"<ul>\n<li><strong><em>Robo, posible causa del asesinato<\/em><\/strong><\/li>\n<\/ul>\n<p>&nbsp;<\/p>\n<div id=\"attachment_292271\" style=\"width: 430px\" class=\"wp-caption aligncenter\"><a href=\"http:\/\/www.diarioimagen.net\/?attachment_id=292271\" rel=\"attachment wp-att-292271\"><img loading=\"lazy\" decoding=\"async\" aria-describedby=\"caption-attachment-292271\" class=\"size-large wp-image-292271\" src=\"http:\/\/www.diarioimagen.net\/wp-content\/uploads\/2016\/10\/CATEDRATICO5-2968-420x236.jpg\" alt=\"El catedr\u00e1tico fue asesinado y sepultado en su casa, ubicada en Paseos del Sur, donde viv\u00eda con su esposa e hija.\" width=\"420\" height=\"236\" srcset=\"https:\/\/www.diarioimagen.net\/wp-content\/uploads\/2016\/10\/CATEDRATICO5-2968-420x236.jpg 420w, https:\/\/www.diarioimagen.net\/wp-content\/uploads\/2016\/10\/CATEDRATICO5-2968-240x135.jpg 240w, https:\/\/www.diarioimagen.net\/wp-content\/uploads\/2016\/10\/CATEDRATICO5-2968-235x132.jpg 235w, https:\/\/www.diarioimagen.net\/wp-content\/uploads\/2016\/10\/CATEDRATICO5-2968-202x114.jpg 202w, https:\/\/www.diarioimagen.net\/wp-content\/uploads\/2016\/10\/CATEDRATICO5-2968-350x196.jpg 350w, https:\/\/www.diarioimagen.net\/wp-content\/uploads\/2016\/10\/CATEDRATICO5-2968-220x123.jpg 220w, https:\/\/www.diarioimagen.net\/wp-content\/uploads\/2016\/10\/CATEDRATICO5-2968-237x132.jpg 237w, https:\/\/www.diarioimagen.net\/wp-content\/uploads\/2016\/10\/CATEDRATICO5-2968.jpg 480w\" sizes=\"auto, (max-width: 420px) 100vw, 420px\" \/><\/a><p id=\"caption-attachment-292271\" class=\"wp-caption-text\">El catedr\u00e1tico fue asesinado y sepultado en su casa, ubicada en Paseos del Sur, donde viv\u00eda con su esposa e hija.<\/p><\/div>\n<p>&nbsp;<\/p>\n<p>Vidal Zavala Rosas, catedr\u00e1tico de la Facultad de Derecho de la UNAM, fue hallado sin vida y sepultado en el jard\u00edn de su casa en Xochimilco.<\/p>\n<p>Personal ministerial de la Procuradur\u00eda capitalina encontr\u00f3 el cad\u00e1ver, luego de recabar la declaraci\u00f3n de su esposa, Mar\u00eda Guadalupe, quien fue secuestrada por uno de los sujetos que mataron al abogado.<\/p>\n<p>Con base en la indagatoria CI-FXH\/XO-2\/UI-3\/C\/D\/1577\/09-2016, el catedr\u00e1tico fue atacado en su casa, ubicada en Paseos del Sur, donde viv\u00eda con su esposa y su hija.<\/p>\n<p>Cuando la esposa del catedr\u00e1tico y su hija se encontraban en el segundo nivel de la vivienda, se percataron que comenzaron a forcejear con el maestro y trataron de ayudarlo, pero fueron sometidas, las ataron de pies y manos y primero las subieron en una de las rec\u00e1maras donde permanecieron encerradas.<\/p>\n<p>M\u00e1s tarde las llevaron a un hotel como vil carga muerta, ubicado en San Luis Tlaxialtemanco, donde las abandonaron.<\/p>\n<p>Hasta ahora, las investigaciones apuntan a un robo, pues el profesor hab\u00eda cobrado recientemente un cheque de pago hipotecario por un mill\u00f3n de pesos.<\/p>\n<p>Esto fue confirmado por HSBC, a cuyo despacho fueron solicitados los movimientos financieros de la v\u00edctima en los \u00faltimos tres meses. Asimismo, hab\u00eda signos de b\u00fasqueda y saqueo dentro de su casa.<\/p>\n<p>Zavala Rosas al parecer fue golpeado antes de ser asesinado y enterrado. Ten\u00eda 15 a\u00f1os dando clases sobre la materia de Amparo, de martes a jueves en la Facultad de Derecho.<\/p>\n<p>La Polic\u00eda de Investigaci\u00f3n busca a tres individuos y dos conductores de taxi que pudieron colaborar con el traslado de las mujeres a varios domicilios, antes de que fueran liberadas cerca del Reclusorio Sur.<\/p>\n<p>&nbsp;<\/p>\n","protected":false},"excerpt":{"rendered":"<p>Vidal Zavala Rosas, catedr\u00e1tico de la Facultad de Derecho de la UNAM, fue hallado sin vida y sepultado en el jard\u00edn de su casa en Xochimilco.<\/p>\n","protected":false},"author":3,"featured_media":292271,"comment_status":"open","ping_status":"open","sticky":false,"template":"","format":"standard","meta":{"_monsterinsights_skip_tracking":false,"_monsterinsights_sitenote_active":false,"_monsterinsights_sitenote_note":"","_monsterinsights_sitenote_category":0,"footnotes":""},"categories":[7],"tags":[11110,570],"class_list":["post-292212","post","type-post","status-publish","format-standard","has-post-thumbnail","hentry","category-seguridad","tag-asesinan","tag-unam"],"_links":{"self":[{"href":"https:\/\/www.diarioimagen.net\/index.php?rest_route=\/wp\/v2\/posts\/292212","targetHints":{"allow":["GET"]}}],"collection":[{"href":"https:\/\/www.diarioimagen.net\/index.php?rest_route=\/wp\/v2\/posts"}],"about":[{"href":"https:\/\/www.diarioimagen.net\/index.php?rest_route=\/wp\/v2\/types\/post"}],"author":[{"embeddable":true,"href":"https:\/\/www.diarioimagen.net\/index.php?rest_route=\/wp\/v2\/users\/3"}],"replies":[{"embeddable":true,"href":"https:\/\/www.diarioimagen.net\/index.php?rest_route=%2Fwp%2Fv2%2Fcomments&post=292212"}],"version-history":[{"count":0,"href":"https:\/\/www.diarioimagen.net\/index.php?rest_route=\/wp\/v2\/posts\/292212\/revisions"}],"wp:featuredmedia":[{"embeddable":true,"href":"https:\/\/www.diarioimagen.net\/index.php?rest_route=\/wp\/v2\/media\/292271"}],"wp:attachment":[{"href":"https:\/\/www.diarioimagen.net\/index.php?rest_route=%2Fwp%2Fv2%2Fmedia&parent=292212"}],"wp:term":[{"taxonomy":"category","embeddable":true,"href":"https:\/\/www.diarioimagen.net\/index.php?rest_route=%2Fwp%2Fv2%2Fcategories&post=292212"},{"taxonomy":"post_tag","embeddable":true,"href":"https:\/\/www.diarioimagen.net\/index.php?rest_route=%2Fwp%2Fv2%2Ftags&post=292212"}],"curies":[{"name":"wp","href":"https:\/\/api.w.org\/{rel}","templated":true}]}}