{"id":292223,"date":"2016-10-05T00:01:12","date_gmt":"2016-10-05T05:01:12","guid":{"rendered":"http:\/\/www.diarioimagen.net\/?p=292223"},"modified":"2016-10-05T05:13:00","modified_gmt":"2016-10-05T10:13:00","slug":"uaem-se-suma-a-iniciativa-mundial-hora-del-codigo","status":"publish","type":"post","link":"https:\/\/www.diarioimagen.net\/?p=292223","title":{"rendered":"UAEM se suma a iniciativa mundial \u201cHora del C\u00f3digo\u201d"},"content":{"rendered":"<div id=\"attachment_292321\" style=\"width: 430px\" class=\"wp-caption aligncenter\"><a href=\"http:\/\/www.diarioimagen.net\/?attachment_id=292321\" rel=\"attachment wp-att-292321\"><img loading=\"lazy\" decoding=\"async\" aria-describedby=\"caption-attachment-292321\" class=\"size-large wp-image-292321\" src=\"http:\/\/www.diarioimagen.net\/wp-content\/uploads\/2016\/10\/UAEM-2968-420x236.jpg\" alt=\"En las tarjetas de cr\u00e9dito es donde se reflejar\u00e1 el reciente aumento de las tasas de referencia del Banco de M\u00e9xico.\" width=\"420\" height=\"236\" srcset=\"https:\/\/www.diarioimagen.net\/wp-content\/uploads\/2016\/10\/UAEM-2968-420x236.jpg 420w, https:\/\/www.diarioimagen.net\/wp-content\/uploads\/2016\/10\/UAEM-2968-240x135.jpg 240w, https:\/\/www.diarioimagen.net\/wp-content\/uploads\/2016\/10\/UAEM-2968-480x270.jpg 480w, https:\/\/www.diarioimagen.net\/wp-content\/uploads\/2016\/10\/UAEM-2968-235x132.jpg 235w, https:\/\/www.diarioimagen.net\/wp-content\/uploads\/2016\/10\/UAEM-2968-202x114.jpg 202w, https:\/\/www.diarioimagen.net\/wp-content\/uploads\/2016\/10\/UAEM-2968-350x196.jpg 350w, https:\/\/www.diarioimagen.net\/wp-content\/uploads\/2016\/10\/UAEM-2968-220x123.jpg 220w, https:\/\/www.diarioimagen.net\/wp-content\/uploads\/2016\/10\/UAEM-2968-237x132.jpg 237w, https:\/\/www.diarioimagen.net\/wp-content\/uploads\/2016\/10\/UAEM-2968.jpg 700w\" sizes=\"auto, (max-width: 420px) 100vw, 420px\" \/><\/a><p id=\"caption-attachment-292321\" class=\"wp-caption-text\">En las tarjetas de cr\u00e9dito es donde se reflejar\u00e1 el reciente aumento de las tasas de referencia del Banco de M\u00e9xico.<\/p><\/div>\n<p>&nbsp;<\/p>\n<p>Por tercer a\u00f1o consecutivo, la Universidad Aut\u00f3noma del Estado de M\u00e9xico se suma a la iniciativa mundial \u201cHora del C\u00f3digo\u201d, una de las m\u00e1s importantes en materia de educaci\u00f3n en el \u00e1mbito global, ya que del 3 al 7 de octubre re\u00fane de manera simult\u00e1nea a millones de ni\u00f1os, con la finalidad involucrarlos con las nuevas tecnolog\u00edas de la informaci\u00f3n y la comunicaci\u00f3n.<\/p>\n","protected":false},"excerpt":{"rendered":"<p>Por tercer a\u00f1o consecutivo, la Universidad Aut\u00f3noma del Estado de M\u00e9xico se suma a la iniciativa mundial \u201cHora del C\u00f3digo\u201d, una de las m\u00e1s importantes en materia de educaci\u00f3n en el \u00e1mbito global, ya que del 3 al 7 de octubre re\u00fane de manera simult\u00e1nea a millones de ni\u00f1os, con la finalidad involucrarlos con las nuevas tecnolog\u00edas de la informaci\u00f3n y la comunicaci\u00f3n.<\/p>\n","protected":false},"author":3,"featured_media":292321,"comment_status":"open","ping_status":"open","sticky":false,"template":"","format":"standard","meta":{"_monsterinsights_skip_tracking":false,"_monsterinsights_sitenote_active":false,"_monsterinsights_sitenote_note":"","_monsterinsights_sitenote_category":0,"footnotes":""},"categories":[35155],"tags":[43675,1491],"class_list":["post-292223","post","type-post","status-publish","format-standard","has-post-thumbnail","hentry","category-estado-de-mexico-estado-de-mexico","tag-estado-de-mexico","tag-uaem"],"_links":{"self":[{"href":"https:\/\/www.diarioimagen.net\/index.php?rest_route=\/wp\/v2\/posts\/292223","targetHints":{"allow":["GET"]}}],"collection":[{"href":"https:\/\/www.diarioimagen.net\/index.php?rest_route=\/wp\/v2\/posts"}],"about":[{"href":"https:\/\/www.diarioimagen.net\/index.php?rest_route=\/wp\/v2\/types\/post"}],"author":[{"embeddable":true,"href":"https:\/\/www.diarioimagen.net\/index.php?rest_route=\/wp\/v2\/users\/3"}],"replies":[{"embeddable":true,"href":"https:\/\/www.diarioimagen.net\/index.php?rest_route=%2Fwp%2Fv2%2Fcomments&post=292223"}],"version-history":[{"count":0,"href":"https:\/\/www.diarioimagen.net\/index.php?rest_route=\/wp\/v2\/posts\/292223\/revisions"}],"wp:featuredmedia":[{"embeddable":true,"href":"https:\/\/www.diarioimagen.net\/index.php?rest_route=\/wp\/v2\/media\/292321"}],"wp:attachment":[{"href":"https:\/\/www.diarioimagen.net\/index.php?rest_route=%2Fwp%2Fv2%2Fmedia&parent=292223"}],"wp:term":[{"taxonomy":"category","embeddable":true,"href":"https:\/\/www.diarioimagen.net\/index.php?rest_route=%2Fwp%2Fv2%2Fcategories&post=292223"},{"taxonomy":"post_tag","embeddable":true,"href":"https:\/\/www.diarioimagen.net\/index.php?rest_route=%2Fwp%2Fv2%2Ftags&post=292223"}],"curies":[{"name":"wp","href":"https:\/\/api.w.org\/{rel}","templated":true}]}}