{"id":292443,"date":"2016-10-06T00:08:54","date_gmt":"2016-10-06T05:08:54","guid":{"rendered":"http:\/\/www.diarioimagen.net\/?p=292443"},"modified":"2016-10-06T03:11:00","modified_gmt":"2016-10-06T08:11:00","slug":"aseguran-chofer-de-combi-por-robo-a-pasajeros-en-tultepec","status":"publish","type":"post","link":"https:\/\/www.diarioimagen.net\/?p=292443","title":{"rendered":"Aseguran chofer de <em>combi<\/em> por\u00a0robo a pasajeros en Tultepec"},"content":{"rendered":"<ul>\n<li><em><b>Tras denuncia de automovilista<\/b><\/em><\/li>\n<\/ul>\n<p>&nbsp;<\/p>\n<div id=\"attachment_292444\" style=\"width: 430px\" class=\"wp-caption aligncenter\"><a href=\"http:\/\/www.diarioimagen.net\/?attachment_id=292444\" rel=\"attachment wp-att-292444\"><img loading=\"lazy\" decoding=\"async\" aria-describedby=\"caption-attachment-292444\" class=\"size-large wp-image-292444\" src=\"http:\/\/www.diarioimagen.net\/wp-content\/uploads\/2016\/10\/TULTEPEC-2969-420x237.jpg\" alt=\"El chofer delincuente conduc\u00eda la unidad de transporte p\u00fablico de la marca Nissan, tipo Urvan color blanco y azul.\" width=\"420\" height=\"237\" srcset=\"https:\/\/www.diarioimagen.net\/wp-content\/uploads\/2016\/10\/TULTEPEC-2969-420x237.jpg 420w, https:\/\/www.diarioimagen.net\/wp-content\/uploads\/2016\/10\/TULTEPEC-2969-240x135.jpg 240w, https:\/\/www.diarioimagen.net\/wp-content\/uploads\/2016\/10\/TULTEPEC-2969-480x270.jpg 480w, https:\/\/www.diarioimagen.net\/wp-content\/uploads\/2016\/10\/TULTEPEC-2969-235x132.jpg 235w, https:\/\/www.diarioimagen.net\/wp-content\/uploads\/2016\/10\/TULTEPEC-2969-202x114.jpg 202w, https:\/\/www.diarioimagen.net\/wp-content\/uploads\/2016\/10\/TULTEPEC-2969-220x123.jpg 220w, https:\/\/www.diarioimagen.net\/wp-content\/uploads\/2016\/10\/TULTEPEC-2969.jpg 600w\" sizes=\"auto, (max-width: 420px) 100vw, 420px\" \/><\/a><p id=\"caption-attachment-292444\" class=\"wp-caption-text\">El chofer delincuente conduc\u00eda la unidad de transporte p\u00fablico de la marca Nissan, tipo Urvan color blanco y azul.<\/p><\/div>\n<p>&nbsp;<\/p>\n<p><b>Tultepec, Estado de M\u00e9xico.-<\/b> Elementos de Seguridad Ciudadana y Tr\u00e1nsito Municipal, lograron asegurar al chofer de una unidad de transporte p\u00fablico que cubre la ruta Tultepec-Cuautitl\u00e1n, tras la denuncia de un automovilista quien se\u00f1al\u00f3 que el asegurado le rob\u00f3 un tel\u00e9fono celular a su hija.<\/p>\n<p>El denunciante se\u00f1al\u00f3 que el sujeto que conduc\u00eda la unidad de transporte p\u00fablico de la marca Nissan, tipo Urvan color blanco y azul, con placas del servicio p\u00fablico federal y crom\u00e1tica Transportes Tultepec, acababa de despojar de su tel\u00e9fono celular a su hija, d\u00e1ndose a la fuga.<\/p>\n<p>Los polic\u00edas iniciaron una persecuci\u00f3n sobre la calle Francisco Sarabia en el Barrio de San Rafael para indicarle que detuviera la marcha, sin embargo, \u00e9ste hizo caso omiso, hasta que una patrulla le cerr\u00f3 el paso.<\/p>\n<p>Los elementos de seguridad pidieron al chofer de la unidad que descendiera del veh\u00edculo para realizarle una revisi\u00f3n pero no encontraron nada; no obstante, al inspeccionar la camioneta de transporte p\u00fablico, entre los asientos del piloto y del copiloto se encontr\u00f3 el celular de la denunciante.<\/p>\n<p>La v\u00edctima que iba en compa\u00f1\u00eda de su pap\u00e1, reconoci\u00f3 plenamente al chofer de transporte p\u00fablico como la persona que momentos antes la despoj\u00f3 de su tel\u00e9fono m\u00f3vil con lujo de violencia, por lo cual, luego de leerle sus derechos fue asegurado por los polic\u00edas.<\/p>\n<p>El asegurado responde al nombre de Jos\u00e9 Eleazar \u201cN\u201d, de 24 a\u00f1os de edad, quien junto con el tel\u00e9fono m\u00f3vil correctamente embalado y la unidad del transporte p\u00fablico, por medio de una gr\u00faa, fueron trasladados ante el Agente del Ministerio P\u00fablico de Cuautitl\u00e1n Izcalli.<\/p>\n<p>El asegurado fue recibido por la Agente del Ministerio P\u00fablico Diana Galv\u00e1n Pedraza AMP-502, NUC: CUA\/ CUA\/ AMI\/ 109\/070715\/16\/10. NIC: CUA\/ AW\/00\/ WPI\/254\/00107\/16\/10. FOLIO: 21544, por el delito de robo a transe\u00fante.<\/p>\n<p>&nbsp;<\/p>\n","protected":false},"excerpt":{"rendered":"<p>Elementos de Seguridad Ciudadana y Tr\u00e1nsito Municipal, lograron asegurar al chofer de una unidad de transporte p\u00fablico que cubre la ruta Tultepec-Cuautitl\u00e1n, tras la denuncia de un automovilista quien se\u00f1al\u00f3 que el asegurado le rob\u00f3 un tel\u00e9fono celular a su hija.<\/p>\n","protected":false},"author":1,"featured_media":292444,"comment_status":"open","ping_status":"open","sticky":false,"template":"","format":"standard","meta":{"_monsterinsights_skip_tracking":false,"_monsterinsights_sitenote_active":false,"_monsterinsights_sitenote_note":"","_monsterinsights_sitenote_category":0,"footnotes":""},"categories":[35155],"tags":[43675,3802],"class_list":["post-292443","post","type-post","status-publish","format-standard","has-post-thumbnail","hentry","category-estado-de-mexico-estado-de-mexico","tag-estado-de-mexico","tag-tultepec"],"_links":{"self":[{"href":"https:\/\/www.diarioimagen.net\/index.php?rest_route=\/wp\/v2\/posts\/292443","targetHints":{"allow":["GET"]}}],"collection":[{"href":"https:\/\/www.diarioimagen.net\/index.php?rest_route=\/wp\/v2\/posts"}],"about":[{"href":"https:\/\/www.diarioimagen.net\/index.php?rest_route=\/wp\/v2\/types\/post"}],"author":[{"embeddable":true,"href":"https:\/\/www.diarioimagen.net\/index.php?rest_route=\/wp\/v2\/users\/1"}],"replies":[{"embeddable":true,"href":"https:\/\/www.diarioimagen.net\/index.php?rest_route=%2Fwp%2Fv2%2Fcomments&post=292443"}],"version-history":[{"count":0,"href":"https:\/\/www.diarioimagen.net\/index.php?rest_route=\/wp\/v2\/posts\/292443\/revisions"}],"wp:featuredmedia":[{"embeddable":true,"href":"https:\/\/www.diarioimagen.net\/index.php?rest_route=\/wp\/v2\/media\/292444"}],"wp:attachment":[{"href":"https:\/\/www.diarioimagen.net\/index.php?rest_route=%2Fwp%2Fv2%2Fmedia&parent=292443"}],"wp:term":[{"taxonomy":"category","embeddable":true,"href":"https:\/\/www.diarioimagen.net\/index.php?rest_route=%2Fwp%2Fv2%2Fcategories&post=292443"},{"taxonomy":"post_tag","embeddable":true,"href":"https:\/\/www.diarioimagen.net\/index.php?rest_route=%2Fwp%2Fv2%2Ftags&post=292443"}],"curies":[{"name":"wp","href":"https:\/\/api.w.org\/{rel}","templated":true}]}}