{"id":292446,"date":"2016-10-06T00:07:02","date_gmt":"2016-10-06T05:07:02","guid":{"rendered":"http:\/\/www.diarioimagen.net\/?p=292446"},"modified":"2016-10-06T03:13:03","modified_gmt":"2016-10-06T08:13:03","slug":"aprehenden-a-secuestrador-en-nezahualcoyotl-era-municipal","status":"publish","type":"post","link":"https:\/\/www.diarioimagen.net\/?p=292446","title":{"rendered":"Aprehenden a secuestrador en Nezahualc\u00f3yotl; era municipal"},"content":{"rendered":"<ul>\n<li><em><b>Aseguramiento en la Campestre Guadalupana<\/b><\/em><\/li>\n<\/ul>\n<p>&nbsp;<\/p>\n<div id=\"attachment_292447\" style=\"width: 244px\" class=\"wp-caption alignleft\"><a href=\"http:\/\/www.diarioimagen.net\/?attachment_id=292447\" rel=\"attachment wp-att-292447\"><img loading=\"lazy\" decoding=\"async\" aria-describedby=\"caption-attachment-292447\" class=\" wp-image-292447\" src=\"http:\/\/www.diarioimagen.net\/wp-content\/uploads\/2016\/10\/NEZAHUALCOYOTL-2969-307x420.jpg\" alt=\"Jos\u00e9 Manuel Palma Z\u00fa\u00f1iga se desempe\u00f1aba como elemento de la Polic\u00eda Municipal de Nezahualc\u00f3yotl.\" width=\"234\" height=\"320\" srcset=\"https:\/\/www.diarioimagen.net\/wp-content\/uploads\/2016\/10\/NEZAHUALCOYOTL-2969-307x420.jpg 307w, https:\/\/www.diarioimagen.net\/wp-content\/uploads\/2016\/10\/NEZAHUALCOYOTL-2969-175x240.jpg 175w, https:\/\/www.diarioimagen.net\/wp-content\/uploads\/2016\/10\/NEZAHUALCOYOTL-2969.jpg 500w\" sizes=\"auto, (max-width: 234px) 100vw, 234px\" \/><\/a><p id=\"caption-attachment-292447\" class=\"wp-caption-text\">Jos\u00e9 Manuel Palma Z\u00fa\u00f1iga se desempe\u00f1aba como elemento de la Polic\u00eda Municipal de Nezahualc\u00f3yotl.<\/p><\/div>\n<p><strong>Nezahualc\u00f3yotl, Estado de M\u00e9xico.-<\/strong> Como resultado de un operativo realizado en este municipio, agentes de Investigaci\u00f3n de la Procuradur\u00eda General de Justicia del Estado de M\u00e9xico (PGJEM) llevaron a cabo la detenci\u00f3n de Jos\u00e9 Manuel Palma Z\u00fa\u00f1iga, quien se desempe\u00f1aba como elemento de la Polic\u00eda Municipal, de esa demarcaci\u00f3n, y quien est\u00e1 presuntamente relacionado con los delitos de secuestro y robo.<\/p>\n<p>El aseguramiento de este individuo, fue realizado en calles de la colonia Campestre Guadalupana, en cumplimiento de una orden de aprehensi\u00f3n que fue girada en su contra, por un Juez Especializado en Cateos y \u00d3rdenes de Aprehensi\u00f3n.<\/p>\n<p>La movilizaci\u00f3n que dio como resultado la detenci\u00f3n de este individuo, fue realizada luego de que el pasado 25 de septiembre una persona denunci\u00f3 que cuando circulaba a bordo de su camioneta, en la Avenida Le\u00f3n de las Aldamas, en la colonia Valle de Arag\u00f3n, en Nezahualc\u00f3yotl, fue interceptada por varios elementos de la polic\u00eda municipal, entre ellos Palma Z\u00fa\u00f1iga, quienes la obligaron a bajar de su veh\u00edculo y le realizaron una revisi\u00f3n.<\/p>\n<p>Cabe mencionar que dentro de la camioneta, los polic\u00edas municipales encontraron dos armas de fuego: una escopeta calibre 20 mm, y una pistola calibre .22 mm, propiedad de la v\u00edctima y de las cuales se pudo establecer que cuenta con la documentaci\u00f3n necesaria expedida por la Sedena para su portaci\u00f3n y traslado, ya que son utilizadas en un club de caza, sin embargo, los servidores p\u00fablicos presuntamente lo amenazaron con remitirlo ante el MP.<\/p>\n<p>&nbsp;<\/p>\n","protected":false},"excerpt":{"rendered":"<p>Como resultado de un operativo realizado en este municipio, agentes de Investigaci\u00f3n de la Procuradur\u00eda General de Justicia del Estado de M\u00e9xico (PGJEM) llevaron a cabo la detenci\u00f3n de Jos\u00e9 Manuel Palma Z\u00fa\u00f1iga, quien se desempe\u00f1aba como elemento de la Polic\u00eda Municipal, de esa demarcaci\u00f3n, y quien est\u00e1 presuntamente relacionado con los delitos de secuestro y robo.<\/p>\n","protected":false},"author":1,"featured_media":292447,"comment_status":"open","ping_status":"open","sticky":false,"template":"","format":"standard","meta":{"_monsterinsights_skip_tracking":false,"_monsterinsights_sitenote_active":false,"_monsterinsights_sitenote_note":"","_monsterinsights_sitenote_category":0,"footnotes":""},"categories":[35155],"tags":[43675],"class_list":["post-292446","post","type-post","status-publish","format-standard","has-post-thumbnail","hentry","category-estado-de-mexico-estado-de-mexico","tag-estado-de-mexico"],"_links":{"self":[{"href":"https:\/\/www.diarioimagen.net\/index.php?rest_route=\/wp\/v2\/posts\/292446","targetHints":{"allow":["GET"]}}],"collection":[{"href":"https:\/\/www.diarioimagen.net\/index.php?rest_route=\/wp\/v2\/posts"}],"about":[{"href":"https:\/\/www.diarioimagen.net\/index.php?rest_route=\/wp\/v2\/types\/post"}],"author":[{"embeddable":true,"href":"https:\/\/www.diarioimagen.net\/index.php?rest_route=\/wp\/v2\/users\/1"}],"replies":[{"embeddable":true,"href":"https:\/\/www.diarioimagen.net\/index.php?rest_route=%2Fwp%2Fv2%2Fcomments&post=292446"}],"version-history":[{"count":0,"href":"https:\/\/www.diarioimagen.net\/index.php?rest_route=\/wp\/v2\/posts\/292446\/revisions"}],"wp:featuredmedia":[{"embeddable":true,"href":"https:\/\/www.diarioimagen.net\/index.php?rest_route=\/wp\/v2\/media\/292447"}],"wp:attachment":[{"href":"https:\/\/www.diarioimagen.net\/index.php?rest_route=%2Fwp%2Fv2%2Fmedia&parent=292446"}],"wp:term":[{"taxonomy":"category","embeddable":true,"href":"https:\/\/www.diarioimagen.net\/index.php?rest_route=%2Fwp%2Fv2%2Fcategories&post=292446"},{"taxonomy":"post_tag","embeddable":true,"href":"https:\/\/www.diarioimagen.net\/index.php?rest_route=%2Fwp%2Fv2%2Ftags&post=292446"}],"curies":[{"name":"wp","href":"https:\/\/api.w.org\/{rel}","templated":true}]}}