{"id":292588,"date":"2016-10-07T00:09:13","date_gmt":"2016-10-07T05:09:13","guid":{"rendered":"http:\/\/www.diarioimagen.net\/?p=292588"},"modified":"2016-10-07T06:46:56","modified_gmt":"2016-10-07T11:46:56","slug":"recibe-mexicable-mas-de-62-mil-pasajeros-en-2-dias","status":"publish","type":"post","link":"https:\/\/www.diarioimagen.net\/?p=292588","title":{"rendered":"Recibe Mexicable m\u00e1s de 62 mil pasajeros en 2 d\u00edas"},"content":{"rendered":"<ul>\n<li><strong><em>Este sistema innovador ha tenido una excelente aceptaci\u00f3n<\/em><\/strong><\/li>\n<\/ul>\n<p>&nbsp;<\/p>\n<p><a href=\"http:\/\/www.diarioimagen.net\/?attachment_id=292670\" rel=\"attachment wp-att-292670\"><img loading=\"lazy\" decoding=\"async\" class=\"aligncenter size-large wp-image-292670\" src=\"http:\/\/www.diarioimagen.net\/wp-content\/uploads\/2016\/10\/TELEFERICO-2970-420x279.jpg\" alt=\"teleferico-2970\" width=\"420\" height=\"279\" srcset=\"https:\/\/www.diarioimagen.net\/wp-content\/uploads\/2016\/10\/TELEFERICO-2970-420x279.jpg 420w, https:\/\/www.diarioimagen.net\/wp-content\/uploads\/2016\/10\/TELEFERICO-2970-240x160.jpg 240w, https:\/\/www.diarioimagen.net\/wp-content\/uploads\/2016\/10\/TELEFERICO-2970.jpg 680w\" sizes=\"auto, (max-width: 420px) 100vw, 420px\" \/><\/a><\/p>\n<p>&nbsp;<\/p>\n<p><strong>Ecatepec, Estado de M\u00e9xico<\/strong>.- En dos d\u00edas de funcionamiento y ante la alta expectativa, la gratuidad y lo novedoso del sistema, el Mexicable registr\u00f3 m\u00e1s de 62 mil personas transportadas, operando de manera ininterrumpida y con total seguridad para los usuarios, inform\u00f3 Jorge Barreiro Estrada, director del Sistema de Transporte Masivo y Telef\u00e9rico del Estado de M\u00e9xico (Sitramytem).<\/p>\n<p>\u201cLos usuarios siguen disfrutando del sistema, que sin duda ha tenido una excelente aceptaci\u00f3n, de manera ordenada miles de personas\u00a0 se han acercado a conocer el Mexicable, aguardan su turno para poder conocer y vivir la experiencia de este nuevo sistema de transporte p\u00fablico masivo en M\u00e9xico\u201d, explic\u00f3.<\/p>\n<p>Resalt\u00f3 que a la gran afluencia registrada el pasado mi\u00e9rcoles, de\u00a0 42 mil 584 pasajeros, se suman los m\u00e1s de 20 mil usuarios que pudieron subirse el 4 de octubre, cuando se inaugur\u00f3, por lo que el Mexicable est\u00e1 consolid\u00e1ndose y teniendo gran aceptaci\u00f3n entre los habitantes de San Andr\u00e9s de la Ca\u00f1ada y de otras zonas de Ecatepec y municipios aleda\u00f1os.<\/p>\n<p>Ha registrado las horas de mayor afluencia a las 13:30 horas, que coincide en el horario en que los ni\u00f1os salen de las escuelas, y a las 19:30 horas, que es cuando las familias vuelven a casa despu\u00e9s de su d\u00eda de actividades.<\/p>\n<p>Jorge Barreiro inform\u00f3 que el Mexicable tendr\u00e1 un costo a partir de la siguiente semana de 6 pesos, ya que en \u00e9sta, el servicio ser\u00e1 gratuito.<\/p>\n<p>\u201cEl costo normal de la tarifa que deber\u00eda tener el sistema es de alrededor de 18 pesos, pero con el subsidio, el precio es muy accesible y permite a las familias un ahorro considerable, que es dinero que pueden utilizar para otro tipo de gastos\u201d, asegur\u00f3.<\/p>\n<p>Se\u00f1al\u00f3 que antes los pasajeros de la zona de San Andr\u00e9s de la Ca\u00f1ada tardaban alrededor de 45 minutos en llegar a la V\u00eda Morelos e invert\u00edan en el traslado aproximadamente 9 pesos; con el Mexicable, llegar al mismo punto les representar\u00e1 un gasto de 6 pesos y un tiempo de traslado de 17 minutos.<\/p>\n","protected":false},"excerpt":{"rendered":"<p> En dos d\u00edas de funcionamiento y ante la alta expectativa, la gratuidad y lo novedoso del sistema, el Mexicable registr\u00f3 m\u00e1s de 62 mil personas transportadas, operando de manera ininterrumpida y con total seguridad para los usuarios, inform\u00f3<\/p>\n","protected":false},"author":3,"featured_media":292670,"comment_status":"open","ping_status":"open","sticky":false,"template":"","format":"standard","meta":{"_monsterinsights_skip_tracking":false,"_monsterinsights_sitenote_active":false,"_monsterinsights_sitenote_note":"","_monsterinsights_sitenote_category":0,"footnotes":""},"categories":[5],"tags":[47891,454,43675,48362,46364,54553],"class_list":["post-292588","post","type-post","status-publish","format-standard","has-post-thumbnail","hentry","category-estado-de-mexico","tag-afluencia","tag-ecatepec","tag-estado-de-mexico","tag-mexicable","tag-pasajeros","tag-sitramytem"],"_links":{"self":[{"href":"https:\/\/www.diarioimagen.net\/index.php?rest_route=\/wp\/v2\/posts\/292588","targetHints":{"allow":["GET"]}}],"collection":[{"href":"https:\/\/www.diarioimagen.net\/index.php?rest_route=\/wp\/v2\/posts"}],"about":[{"href":"https:\/\/www.diarioimagen.net\/index.php?rest_route=\/wp\/v2\/types\/post"}],"author":[{"embeddable":true,"href":"https:\/\/www.diarioimagen.net\/index.php?rest_route=\/wp\/v2\/users\/3"}],"replies":[{"embeddable":true,"href":"https:\/\/www.diarioimagen.net\/index.php?rest_route=%2Fwp%2Fv2%2Fcomments&post=292588"}],"version-history":[{"count":0,"href":"https:\/\/www.diarioimagen.net\/index.php?rest_route=\/wp\/v2\/posts\/292588\/revisions"}],"wp:featuredmedia":[{"embeddable":true,"href":"https:\/\/www.diarioimagen.net\/index.php?rest_route=\/wp\/v2\/media\/292670"}],"wp:attachment":[{"href":"https:\/\/www.diarioimagen.net\/index.php?rest_route=%2Fwp%2Fv2%2Fmedia&parent=292588"}],"wp:term":[{"taxonomy":"category","embeddable":true,"href":"https:\/\/www.diarioimagen.net\/index.php?rest_route=%2Fwp%2Fv2%2Fcategories&post=292588"},{"taxonomy":"post_tag","embeddable":true,"href":"https:\/\/www.diarioimagen.net\/index.php?rest_route=%2Fwp%2Fv2%2Ftags&post=292588"}],"curies":[{"name":"wp","href":"https:\/\/api.w.org\/{rel}","templated":true}]}}