{"id":292598,"date":"2016-10-07T00:01:49","date_gmt":"2016-10-07T05:01:49","guid":{"rendered":"http:\/\/www.diarioimagen.net\/?p=292598"},"modified":"2016-10-09T23:53:02","modified_gmt":"2016-10-10T04:53:02","slug":"el-recorte-presupuestal-uno-de-los-temas-de-la-tercera-sesion-ordinaria-del-consejo-de-promocion-turistica-de-mexico","status":"publish","type":"post","link":"https:\/\/www.diarioimagen.net\/?p=292598","title":{"rendered":"El recorte presupuestal, uno de los temas de la Tercera Sesi\u00f3n Ordinaria del Consejo de Promoci\u00f3n Tur\u00edstica de M\u00e9xico"},"content":{"rendered":"<h2>De cinco estrellas<\/h2>\n<h5>Victoria Gonz\u00e1lez Prado<\/h5>\n<p>&nbsp;<\/p>\n<ul>\n<li><strong>Qatar Airways<\/strong><em><strong> recibi\u00f3 el premio <\/strong><\/em><strong>Best Up In the Air Experience<\/strong><em><strong>, en la edici\u00f3n 2016 de los <\/strong><\/em><strong>Future Travel Experience Awards<\/strong><\/li>\n<li><strong>Dr. Sonrisas<\/strong><em><strong> y <\/strong><\/em><strong>Dolphin Discovery<\/strong><em><strong> Playa del Carmen llevaron a siete ni\u00f1os y a sus padres a disfrutar una experiencia con delfines<\/strong><\/em><\/li>\n<\/ul>\n<p>&nbsp;<\/p>\n<div id=\"attachment_292679\" style=\"width: 430px\" class=\"wp-caption aligncenter\"><a href=\"http:\/\/www.diarioimagen.net\/?attachment_id=292679\" rel=\"attachment wp-att-292679\"><img loading=\"lazy\" decoding=\"async\" aria-describedby=\"caption-attachment-292679\" class=\"size-large wp-image-292679\" src=\"http:\/\/www.diarioimagen.net\/wp-content\/uploads\/2016\/10\/turismo-2970-420x236.jpg\" alt=\"Fernando Olivera Rocha.\" width=\"420\" height=\"236\" srcset=\"https:\/\/www.diarioimagen.net\/wp-content\/uploads\/2016\/10\/turismo-2970-420x236.jpg 420w, https:\/\/www.diarioimagen.net\/wp-content\/uploads\/2016\/10\/turismo-2970-240x135.jpg 240w, https:\/\/www.diarioimagen.net\/wp-content\/uploads\/2016\/10\/turismo-2970-235x132.jpg 235w, https:\/\/www.diarioimagen.net\/wp-content\/uploads\/2016\/10\/turismo-2970-202x114.jpg 202w, https:\/\/www.diarioimagen.net\/wp-content\/uploads\/2016\/10\/turismo-2970-350x196.jpg 350w, https:\/\/www.diarioimagen.net\/wp-content\/uploads\/2016\/10\/turismo-2970-220x123.jpg 220w, https:\/\/www.diarioimagen.net\/wp-content\/uploads\/2016\/10\/turismo-2970-237x132.jpg 237w, https:\/\/www.diarioimagen.net\/wp-content\/uploads\/2016\/10\/turismo-2970.jpg 480w\" sizes=\"auto, (max-width: 420px) 100vw, 420px\" \/><\/a><p id=\"caption-attachment-292679\" class=\"wp-caption-text\">Fernando Olivera Rocha.<\/p><\/div>\n<p>&nbsp;<\/p>\n<p>El recorte presupuestal fue uno de los temas principales que se trataron durante la Tercera Sesi\u00f3n Ordinaria del Consejo de Promoci\u00f3n Tur\u00edstica de M\u00e9xico (CPTM), celebrada este a\u00f1o.<\/p>\n<p>Fernando Olivera Rocha, secretario de Turismo de Guanajuato, dijo al respecto: \u201cvemos una preocupaci\u00f3n desde los resultados, pues hay una reducci\u00f3n de presupuesto, en materia no s\u00f3lo de promoci\u00f3n ni de mercadotecnia, sino de infraestructura, que es fundamental para atender a los millones de turistas\u201d.<\/p>\n<p>Asegur\u00f3 que el turismo ha mostrado ser una palanca de desarrollo, siendo un generador en la econom\u00eda y el crecimiento de nuestro pa\u00eds.<\/p>\n<p>Agreg\u00f3 que \u201cactualmente se cuenta con muchas herramientas que nos ayudan a fortalecer la actividad tur\u00edstica y nuestra tarea es hacer que todos sigan conociendo nuestro pa\u00eds para potencializar este sector\u201d.<\/p>\n<p>La junta de gobierno abarc\u00f3 aspectos fundamentales del sector tur\u00edstico del pa\u00eds en conjunto con un plan de proyecci\u00f3n del 2016 al 2021, tales como: la conectividad del pa\u00eds y el aumento de las rutas a\u00e9reas, acuerdos bilaterales, la promoci\u00f3n tur\u00edstica, el impacto de turismo y la oferta hotelera del pa\u00eds.<\/p>\n<p>En conjunto con propuestas de acercamiento con Europa, Asia y Ocean\u00eda para generar relaciones estrechas con los pa\u00edses de esas regiones.<\/p>\n<p>La directora general, Lourdes Berho Corona, explic\u00f3 el impacto de las campa\u00f1as realizadas por parte del CPTM y la marca M\u00e9xico para la promoci\u00f3n del pa\u00eds.<\/p>\n<p>En total se han realizado 388 campa\u00f1as cooperativas y actualmente se trabaja para relanzar la p\u00e1gina web y lanzar una <em>app <\/em>para que los usuarios accedan a esta mediante dispositivos electr\u00f3nicos.<\/p>\n<p>Durante la reuni\u00f3n se habl\u00f3 tambi\u00e9n de las iniciativas que se han llevado a lo largo del a\u00f1o y el apoyo a 44 estados, con el programa \u201cViajemos Todos por M\u00e9xico\u201d, que impulsa la actividad tur\u00edstica de todo el pa\u00eds,<\/p>\n<p>En esta reuni\u00f3n, Guanajuato \u2018El Destino Cultural de M\u00e9xico\u2019, reafirm\u00f3 su compromiso con el pa\u00eds, ofreciendo d\u00eda con d\u00eda productos tur\u00edsticos innovadores, llenos de cultura, tradiciones y gastronom\u00eda potencializando la oferta tur\u00edstica de la entidad.<\/p>\n<p>\u2730\u2730\u2730\u2730\u2730 Por segundo a\u00f1o consecutivo, <em>Qatar Airways<\/em>, recibi\u00f3 el premio <em>Best Up In the Air Experience<\/em>, en la edici\u00f3n 2016 de los <em>Future Travel Experience Awards<\/em>, La aerol\u00ednea mejora constantemente la experiencia que brinda a sus clientes, y ello no pas\u00f3 desapercibido al recibir el galard\u00f3n que reconoce el enorme trabajo que\u00a0\u00a0 han realizado para crear una experiencia \u00fanica dentro de la industria.<\/p>\n<p>Adem\u00e1s, el premio destaca por ser la primer aerol\u00ednea a nivel mundial que opera un <em>Airbus A350<\/em>, por mejorar su sistema de entretenimiento a bordo con el lanzamiento del multi-premiado <em>Oryx One<\/em>, por continuar equipando su flota con <em>Wi-Fi,<\/em> as\u00ed como por invertir en la calidad del trabajo de la tripulaci\u00f3n, por ejemplo, en entrenamientos de Inteligencia Emocional y de Servicio \u00c9lite dirigido a las necesidades de los pasajeros Premium.<\/p>\n<p><strong>Akbar Al Baker<\/strong>, CEO del Grupo <em>Qatar Airways,<\/em> coment\u00f3, \u201cestamos sumamente honrados de recibir este codiciado premio por segundo a\u00f1o consecutivo, a\u00fan m\u00e1s por hacerlo de manos de una organizaci\u00f3n que comparte nuestra misi\u00f3n de entregar la mejor experiencia posible a los viajeros\u201d.<\/p>\n<p>Al ofrecer la mejor experiencia <em>Business Class<\/em> a nivel mundial, junto con una de las flotas m\u00e1s modernas y el dedicado servicio de nuestras tripulaciones, seguimos superando las expectativas de nuestros clientes y sentando nuevos est\u00e1ndares para el futuro\u201d.<\/p>\n<p>Por su parte, <strong>Rossen Dimitrov<\/strong>, vicepresidente Senior de Experiencia al Cliente, se\u00f1al\u00f3: \u201cnuestra meta siempre ha sido crear la mejor experiencia de vuelo posible. Con una clara visi\u00f3n a futuro,\u00a0 nos enfocamos en celebrar la belleza de lo que significa viajar y crear recuerdos duraderos. Este galard\u00f3n ejemplifica la fuerza de nuestra dedicaci\u00f3n y estoy confiado de que nuestra reconocida experiencia a bordo ayudar\u00e1 a que la gente aprecie de una manera distinta la aviaci\u00f3n global\u201d.<\/p>\n<p>Operando una de las flotas m\u00e1s j\u00f3venes desde su base, el Aeropuerto Internacional Hamad en Doha, <em>Qatar Airways,<\/em> tambi\u00e9n fue reconocido como <em>\u201cWorld\u2019s Best Business Class\u201d, \u201cBest Business Class Airline Lounge\u201d<\/em> <em>y \u201cBest Airline Staff Service\u201d<\/em> en el Medio Oriente, dentro de la edici\u00f3n 2016 de los prestigiados <em>World Airline Awards<\/em> entregados por <em>Skytrax<\/em>, organizaci\u00f3n internacional de calificaci\u00f3n de transporte a\u00e9reo.<\/p>\n<p>Lanzado en el 2015, el sistema de entretenimiento a bordo <em>Oryx One<\/em>, tiene una de las bibliotecas m\u00e1s completas de la industria con m\u00e1s de 3 mil opciones entre pel\u00edculas, juegos y m\u00fasica para que los pasajeros pasen horas y horas de diversi\u00f3n, mientras viajan a cualquiera de los m\u00e1s de 150 destinos a los que vuela la aerol\u00ednea.<\/p>\n<p>\u2730\u2730\u2730\u2730\u2730 Hace unos d\u00edas, siete ni\u00f1os junto con sus padres, apoyados por \u201cDr. Sonrisas\u201d, visitaron las instalaciones de <em>Dolphin Discovery<\/em> Playa del Carmen, para disfrutar de una experiencia inolvidable con delfines.<\/p>\n<p>Desde 2012 la empresa participa en alianza con Fundaci\u00f3n Palace y Volaris para lograr el cumplimiento de sue\u00f1os de ni\u00f1os con enfermedades terminales. Los parques predilectos de los peque\u00f1itos son: <em>Dolphin Discovery<\/em> Playa del Carmen, Puerto Aventuras, Isla Mujeres y, en algunas ocasiones, Parque Garraf\u00f3n.<\/p>\n<p>Como parte del compromiso con la comunidad, apoyan cumpliendo el sue\u00f1o de los ni\u00f1os(as), que quieren nadar con delfines, realizando una experiencia \u00fanica por medio de nados educativos e interactivos, as\u00ed como otorgando fotograf\u00edas de su experiencia.<\/p>\n<p><strong>Guadalupe Jim\u00e9nez<\/strong>, subdirectora de Valor Humano de Grupo <em>Dolphin Discovery, <\/em>se\u00f1ala: \u201ces un gusto recibirlos en nuestras instalaciones, contamos con un gran equipo de voluntarios constante en actividades altruistas donde la recompensa son las sonrisas de los peque\u00f1os. Creemos que realizando y promoviendo este tipo de actividades es la mejor manera de poner en pr\u00e1ctica los valores que la empresa promueve\u201d.<\/p>\n<p><em><a href=\"mailto:victoriagprado@gmail.com\" target=\"_blank\">victoriagprado@gmail.com<\/a><\/em><br \/>\n<em> Twitter: <a href=\"https:\/\/twitter.com\/victoriagprado\" target=\"_blank\">@victoriagprado<\/a><\/em><\/p>\n","protected":false},"excerpt":{"rendered":"<p>El recorte presupuestal fue uno de los temas principales que se trataron durante la Tercera Sesi\u00f3n Ordinaria del Consejo de Promoci\u00f3n Tur\u00edstica de M\u00e9xico (CPTM), celebrada este a\u00f1o.<\/p>\n","protected":false},"author":3,"featured_media":292679,"comment_status":"open","ping_status":"open","sticky":false,"template":"","format":"standard","meta":{"_monsterinsights_skip_tracking":false,"_monsterinsights_sitenote_active":false,"_monsterinsights_sitenote_note":"","_monsterinsights_sitenote_category":0,"footnotes":""},"categories":[11],"tags":[107,43674,43681,106],"class_list":["post-292598","post","type-post","status-publish","format-standard","has-post-thumbnail","hentry","category-turismo","tag-de-cinco-estrellas","tag-opinion","tag-turismo","tag-victoria-gonzalez-prado"],"_links":{"self":[{"href":"https:\/\/www.diarioimagen.net\/index.php?rest_route=\/wp\/v2\/posts\/292598","targetHints":{"allow":["GET"]}}],"collection":[{"href":"https:\/\/www.diarioimagen.net\/index.php?rest_route=\/wp\/v2\/posts"}],"about":[{"href":"https:\/\/www.diarioimagen.net\/index.php?rest_route=\/wp\/v2\/types\/post"}],"author":[{"embeddable":true,"href":"https:\/\/www.diarioimagen.net\/index.php?rest_route=\/wp\/v2\/users\/3"}],"replies":[{"embeddable":true,"href":"https:\/\/www.diarioimagen.net\/index.php?rest_route=%2Fwp%2Fv2%2Fcomments&post=292598"}],"version-history":[{"count":0,"href":"https:\/\/www.diarioimagen.net\/index.php?rest_route=\/wp\/v2\/posts\/292598\/revisions"}],"wp:featuredmedia":[{"embeddable":true,"href":"https:\/\/www.diarioimagen.net\/index.php?rest_route=\/wp\/v2\/media\/292679"}],"wp:attachment":[{"href":"https:\/\/www.diarioimagen.net\/index.php?rest_route=%2Fwp%2Fv2%2Fmedia&parent=292598"}],"wp:term":[{"taxonomy":"category","embeddable":true,"href":"https:\/\/www.diarioimagen.net\/index.php?rest_route=%2Fwp%2Fv2%2Fcategories&post=292598"},{"taxonomy":"post_tag","embeddable":true,"href":"https:\/\/www.diarioimagen.net\/index.php?rest_route=%2Fwp%2Fv2%2Ftags&post=292598"}],"curies":[{"name":"wp","href":"https:\/\/api.w.org\/{rel}","templated":true}]}}