{"id":292625,"date":"2016-10-07T00:02:46","date_gmt":"2016-10-07T05:02:46","guid":{"rendered":"http:\/\/www.diarioimagen.net\/?p=292625"},"modified":"2016-10-07T04:27:12","modified_gmt":"2016-10-07T09:27:12","slug":"trabaja-legislatura-mexiquense-por-mejor-rendicion-de-cuentas","status":"publish","type":"post","link":"https:\/\/www.diarioimagen.net\/?p=292625","title":{"rendered":"Trabaja Legislatura mexiquense por mejor rendici\u00f3n de cuentas"},"content":{"rendered":"<ul>\n<li><strong>Afirma el diputado Cruz Roa<\/strong><\/li>\n<\/ul>\n<p>&nbsp;<\/p>\n<div id=\"attachment_292689\" style=\"width: 430px\" class=\"wp-caption aligncenter\"><a href=\"http:\/\/www.diarioimagen.net\/?attachment_id=292689\" rel=\"attachment wp-att-292689\"><img loading=\"lazy\" decoding=\"async\" aria-describedby=\"caption-attachment-292689\" class=\"size-large wp-image-292689\" src=\"http:\/\/www.diarioimagen.net\/wp-content\/uploads\/2016\/10\/LEGISLATURA-2970-420x236.jpg\" alt=\"El presidente de la Junta de Coordinaci\u00f3n Pol\u00edtica, Cruz Roa, encabez\u00f3 la inauguraci\u00f3n del VI Encuentro Nacional de Auditores de Desempe\u00f1o.\" width=\"420\" height=\"236\" srcset=\"https:\/\/www.diarioimagen.net\/wp-content\/uploads\/2016\/10\/LEGISLATURA-2970-420x236.jpg 420w, https:\/\/www.diarioimagen.net\/wp-content\/uploads\/2016\/10\/LEGISLATURA-2970-240x135.jpg 240w, https:\/\/www.diarioimagen.net\/wp-content\/uploads\/2016\/10\/LEGISLATURA-2970-235x132.jpg 235w, https:\/\/www.diarioimagen.net\/wp-content\/uploads\/2016\/10\/LEGISLATURA-2970-202x114.jpg 202w, https:\/\/www.diarioimagen.net\/wp-content\/uploads\/2016\/10\/LEGISLATURA-2970-350x196.jpg 350w, https:\/\/www.diarioimagen.net\/wp-content\/uploads\/2016\/10\/LEGISLATURA-2970-220x123.jpg 220w, https:\/\/www.diarioimagen.net\/wp-content\/uploads\/2016\/10\/LEGISLATURA-2970-237x132.jpg 237w, https:\/\/www.diarioimagen.net\/wp-content\/uploads\/2016\/10\/LEGISLATURA-2970.jpg 480w\" sizes=\"auto, (max-width: 420px) 100vw, 420px\" \/><\/a><p id=\"caption-attachment-292689\" class=\"wp-caption-text\">El presidente de la Junta de Coordinaci\u00f3n Pol\u00edtica, Cruz Roa, encabez\u00f3 la inauguraci\u00f3n del VI Encuentro Nacional de Auditores de Desempe\u00f1o.<\/p><\/div>\n<p>&nbsp;<\/p>\n<p>Ante la exigencia de la sociedad de contar con un marco normativo que permita la fiscalizaci\u00f3n eficiente de los recursos, as\u00ed como la transparencia y la rendici\u00f3n de cuentas, la 59 Legislatura mexiquense trabaja en el sistema anticorrupci\u00f3n estatal y municipal, afirm\u00f3 el presidente de la Junta de Coordinaci\u00f3n Pol\u00edtica, diputado Cruz Roa S\u00e1nchez, durante la inauguraci\u00f3n del VI Encuentro Nacional de Auditores de Desempe\u00f1o.<\/p>\n<p>En presencia del auditor Superior de la Federaci\u00f3n, Juan Manuel Portal Mart\u00ednez, quien se pronunci\u00f3 por mejorar los procesos de toma de decisiones y el aseguramiento de una disciplina presupuestal equilibrada, as\u00ed como del auditor Superior de Fiscalizaci\u00f3n del Estado de M\u00e9xico, Fernando Baz Ferreira, y el diputado Raymundo Guzm\u00e1n Corrovi\u00f1as, presidente de la Comisi\u00f3n de Vigilancia del \u00d3rgano Superior de Fiscalizaci\u00f3n, Cruz Roa dijo que estos temas son indicadores de desempe\u00f1o y de auditor\u00eda, pues su enfoque permite la mejora continua de los programas gubernamentales y han adquirido relevancia en la implementaci\u00f3n del Sistema Nacional Anticorrupci\u00f3n.<\/p>\n<p>Acompa\u00f1ados del magistrado Sergio Javier Medina Pe\u00f1aloza, presidente del Tribunal Superior de Justicia del Estado de M\u00e9xico y de Alejandro Germ\u00e1n Hinojosa Velasco, secretario de la Contralor\u00eda y representante del gobernador Eruviel \u00c1vila Villegas, el tambi\u00e9n coordinador parlamentario del PRI se\u00f1al\u00f3 que este encuentro tiene la finalidad de revisar el marco normativo y los procedimientos de ejecuci\u00f3n de los programas de gobierno bajo los principios de eficiencia, eficacia y econom\u00eda.<\/p>\n<p>Acompa\u00f1ado de Josefina Rom\u00e1n Vergara, comisionada presidenta del Instituto de Transparencia, Acceso a la Informaci\u00f3n P\u00fablica y Protecci\u00f3n de Datos Personales del Estado de M\u00e9xico (Infoem), reconoci\u00f3 el trabajo y el consenso de los nueve grupos parlamentarios que integran la Legislatura mexiquense (PRI, PRD, PAN, Morena, Nueva Alianza, Encuentro Social, Movimiento Ciudadano, Verde Ecologista y PT).<\/p>\n","protected":false},"excerpt":{"rendered":"<p>Ante la exigencia de la sociedad de contar con un marco normativo que permita la fiscalizaci\u00f3n eficiente de los recursos, as\u00ed como la transparencia y la rendici\u00f3n de cuentas, la 59 Legislatura mexiquense trabaja en el sistema anticorrupci\u00f3n estatal y municipal, afirm\u00f3 el presidente de la Junta de Coordinaci\u00f3n Pol\u00edtica, diputado Cruz Roa S\u00e1nchez, durante la inauguraci\u00f3n del VI Encuentro Nacional de Auditores de Desempe\u00f1o.<\/p>\n","protected":false},"author":3,"featured_media":292689,"comment_status":"open","ping_status":"open","sticky":false,"template":"","format":"standard","meta":{"_monsterinsights_skip_tracking":false,"_monsterinsights_sitenote_active":false,"_monsterinsights_sitenote_note":"","_monsterinsights_sitenote_category":0,"footnotes":""},"categories":[35155],"tags":[43675,43678],"class_list":["post-292625","post","type-post","status-publish","format-standard","has-post-thumbnail","hentry","category-estado-de-mexico-estado-de-mexico","tag-estado-de-mexico","tag-finanzas"],"_links":{"self":[{"href":"https:\/\/www.diarioimagen.net\/index.php?rest_route=\/wp\/v2\/posts\/292625","targetHints":{"allow":["GET"]}}],"collection":[{"href":"https:\/\/www.diarioimagen.net\/index.php?rest_route=\/wp\/v2\/posts"}],"about":[{"href":"https:\/\/www.diarioimagen.net\/index.php?rest_route=\/wp\/v2\/types\/post"}],"author":[{"embeddable":true,"href":"https:\/\/www.diarioimagen.net\/index.php?rest_route=\/wp\/v2\/users\/3"}],"replies":[{"embeddable":true,"href":"https:\/\/www.diarioimagen.net\/index.php?rest_route=%2Fwp%2Fv2%2Fcomments&post=292625"}],"version-history":[{"count":0,"href":"https:\/\/www.diarioimagen.net\/index.php?rest_route=\/wp\/v2\/posts\/292625\/revisions"}],"wp:featuredmedia":[{"embeddable":true,"href":"https:\/\/www.diarioimagen.net\/index.php?rest_route=\/wp\/v2\/media\/292689"}],"wp:attachment":[{"href":"https:\/\/www.diarioimagen.net\/index.php?rest_route=%2Fwp%2Fv2%2Fmedia&parent=292625"}],"wp:term":[{"taxonomy":"category","embeddable":true,"href":"https:\/\/www.diarioimagen.net\/index.php?rest_route=%2Fwp%2Fv2%2Fcategories&post=292625"},{"taxonomy":"post_tag","embeddable":true,"href":"https:\/\/www.diarioimagen.net\/index.php?rest_route=%2Fwp%2Fv2%2Ftags&post=292625"}],"curies":[{"name":"wp","href":"https:\/\/api.w.org\/{rel}","templated":true}]}}