{"id":292767,"date":"2016-10-09T15:00:09","date_gmt":"2016-10-09T20:00:09","guid":{"rendered":"http:\/\/www.diarioimagen.net\/?p=292767"},"modified":"2016-10-10T23:27:23","modified_gmt":"2016-10-11T04:27:23","slug":"apoyan-a-2-2-millones-de-mexiquenses-con-examenes-gratuitos-para-detectar-cancer-de-mama","status":"publish","type":"post","link":"https:\/\/www.diarioimagen.net\/?p=292767","title":{"rendered":"Apoyan a 2.2 millones de mexiquenses con ex\u00e1menes gratuitos para detectar c\u00e1ncer de mama"},"content":{"rendered":"<ul>\n<li><em><strong>Inauguran Feria Integral de Servicios en Huixquilucan<\/strong><\/em><\/li>\n<\/ul>\n<p>&nbsp;<\/p>\n<div id=\"attachment_292768\" style=\"width: 430px\" class=\"wp-caption aligncenter\"><a href=\"http:\/\/www.diarioimagen.net\/?attachment_id=292768\" rel=\"attachment wp-att-292768\"><img loading=\"lazy\" decoding=\"async\" aria-describedby=\"caption-attachment-292768\" class=\"size-large wp-image-292768\" src=\"http:\/\/www.diarioimagen.net\/wp-content\/uploads\/2016\/10\/CANCER10-portal-420x245.jpg\" alt=\"Eruviel \u00c1vila y el jefe de la Oficina de la Presidencia, Francisco Guzm\u00e1n, pusieron en marcha la Feria Integral de Servicios en Huixquilucan.\" width=\"420\" height=\"245\" srcset=\"https:\/\/www.diarioimagen.net\/wp-content\/uploads\/2016\/10\/CANCER10-portal-420x245.jpg 420w, https:\/\/www.diarioimagen.net\/wp-content\/uploads\/2016\/10\/CANCER10-portal-240x140.jpg 240w, https:\/\/www.diarioimagen.net\/wp-content\/uploads\/2016\/10\/CANCER10-portal.jpg 480w\" sizes=\"auto, (max-width: 420px) 100vw, 420px\" \/><\/a><p id=\"caption-attachment-292768\" class=\"wp-caption-text\">Eruviel \u00c1vila y el jefe de la Oficina de la Presidencia, Francisco Guzm\u00e1n, pusieron en marcha la Feria Integral de Servicios en Huixquilucan.<\/p><\/div>\n<p>&nbsp;<\/p>\n<p><strong>Huixquilucan, Estado de M\u00e9xico<\/strong>.- En el marco del Mes de la Lucha contra el C\u00e1ncer de Mama, el gobernador Eruviel \u00c1vila Villegas inform\u00f3 que, durante los \u00faltimos cinco a\u00f1os, m\u00e1s de 2 millones 200 mil mujeres han sido apoyadas con ex\u00e1menes gratuitos para la detecci\u00f3n oportuna de c\u00e1ncer mamario, por lo que exhort\u00f3 a las mexiquenses a reflexionar y tomar conciencia sobre la importancia de la prevenci\u00f3n.<\/p>\n<p>\u201cQuiero invitarles en este mes, que es el mes rosa, el mes para prevenir, para reflexionar respecto al c\u00e1ncer de mama. Y en el Estado de M\u00e9xico, para empezar, los 365 d\u00edas son rosas, porque la salud de las mujeres nos ocupa, estamos muy pendientes de ustedes, queridas mujeres, porque cuando uno apoya a una mujer, apoya a toda, a toda la familia, a toda su familia, a sus hijos\u201d, expres\u00f3.<\/p>\n<p>En Huixquilucan, durante la Feria Integral de Servicios, el mandatario estatal, acompa\u00f1ado por el jefe de la Oficina de la Presidencia de la Rep\u00fablica, Francisco Guzm\u00e1n Ortiz, por el diputado federal Alfredo del Mazo Maza y el presidente municipal Enrique Vargas del Villar, entreg\u00f3 una beca y una laptop a Luz Clarita, cuya madre falleciera a causa del c\u00e1ncer de mama, y quien es apoyada a trav\u00e9s del seguro de vida para madres de familia, implementado por el gobierno estatal.<\/p>\n<p>\u201cLe quiero dar gracias al doctor Eruviel porque me hicieron entrega de una lap top para seguir mis estudios y el seguro de vida\u201d, expres\u00f3 la menor.<\/p>\n<p>En esta feria se brindaron apoyos como vales para ex\u00e1menes de detecci\u00f3n de c\u00e1ncer, canastas alimentarias, tarjetas La Efectiva, afiliaciones a diversos programas, orientaci\u00f3n m\u00e9dica, entre otros.<\/p>\n<p>Adem\u00e1s, rindieron protesta los integrantes de los Comit\u00e9s Comunitarios de Desarrollo Social, de los municipios de Huixquilucan, Naucalpan, Nicol\u00e1s Romero, Isidro Fabela y Jilotzingo, a quienes Eruviel \u00c1vila exhort\u00f3 a acercar los beneficios que el gobierno estatal, federal y los ayuntamientos entregan.<\/p>\n<p>En su oportunidad, el jefe de la Oficina de la Presidencia de la Rep\u00fablica, Francisco Guzm\u00e1n, refiri\u00f3 que al ser la entidad con m\u00e1s habitantes del pa\u00eds, con una poblaci\u00f3n equivalente a 11 estados o a 73 pa\u00edses juntos, el Estado de M\u00e9xico recibe una atenci\u00f3n prioritaria por parte del gobierno federal.<\/p>\n<p>Agreg\u00f3 que muestra de la atenci\u00f3n que recibe el Edom\u00e9x, son las 56 giras que el presidente Enrique Pe\u00f1a ha realizado en esta entidad durante su gesti\u00f3n, adem\u00e1s que se han inaugurado m\u00e1s de mil 600 obras en territorio mexiquense.<\/p>\n","protected":false},"excerpt":{"rendered":"<p> En el marco del Mes de la Lucha contra el C\u00e1ncer de Mama, el gobernador Eruviel \u00c1vila Villegas inform\u00f3 que, durante los \u00faltimos cinco a\u00f1os, m\u00e1s de 2 millones 200 mil mujeres han sido apoyadas con ex\u00e1menes gratuitos para la detecci\u00f3n oportuna de c\u00e1ncer mamario, por lo que exhort\u00f3 a las mexiquenses a reflexionar y tomar conciencia sobre la importancia de la prevenci\u00f3n.<\/p>\n","protected":false},"author":5,"featured_media":292768,"comment_status":"open","ping_status":"open","sticky":false,"template":"","format":"standard","meta":{"_monsterinsights_skip_tracking":false,"_monsterinsights_sitenote_active":false,"_monsterinsights_sitenote_note":"","_monsterinsights_sitenote_category":0,"footnotes":""},"categories":[35155],"tags":[2515,5828,43675,1097],"class_list":["post-292767","post","type-post","status-publish","format-standard","has-post-thumbnail","hentry","category-estado-de-mexico-estado-de-mexico","tag-cancer-de-mama","tag-eruviel-avila-villegas","tag-estado-de-mexico","tag-huixquilucan"],"_links":{"self":[{"href":"https:\/\/www.diarioimagen.net\/index.php?rest_route=\/wp\/v2\/posts\/292767","targetHints":{"allow":["GET"]}}],"collection":[{"href":"https:\/\/www.diarioimagen.net\/index.php?rest_route=\/wp\/v2\/posts"}],"about":[{"href":"https:\/\/www.diarioimagen.net\/index.php?rest_route=\/wp\/v2\/types\/post"}],"author":[{"embeddable":true,"href":"https:\/\/www.diarioimagen.net\/index.php?rest_route=\/wp\/v2\/users\/5"}],"replies":[{"embeddable":true,"href":"https:\/\/www.diarioimagen.net\/index.php?rest_route=%2Fwp%2Fv2%2Fcomments&post=292767"}],"version-history":[{"count":0,"href":"https:\/\/www.diarioimagen.net\/index.php?rest_route=\/wp\/v2\/posts\/292767\/revisions"}],"wp:featuredmedia":[{"embeddable":true,"href":"https:\/\/www.diarioimagen.net\/index.php?rest_route=\/wp\/v2\/media\/292768"}],"wp:attachment":[{"href":"https:\/\/www.diarioimagen.net\/index.php?rest_route=%2Fwp%2Fv2%2Fmedia&parent=292767"}],"wp:term":[{"taxonomy":"category","embeddable":true,"href":"https:\/\/www.diarioimagen.net\/index.php?rest_route=%2Fwp%2Fv2%2Fcategories&post=292767"},{"taxonomy":"post_tag","embeddable":true,"href":"https:\/\/www.diarioimagen.net\/index.php?rest_route=%2Fwp%2Fv2%2Ftags&post=292767"}],"curies":[{"name":"wp","href":"https:\/\/api.w.org\/{rel}","templated":true}]}}