{"id":292770,"date":"2016-10-09T14:00:54","date_gmt":"2016-10-09T19:00:54","guid":{"rendered":"http:\/\/www.diarioimagen.net\/?p=292770"},"modified":"2016-10-10T23:27:09","modified_gmt":"2016-10-11T04:27:09","slug":"aterrizaran-en-ecatepec-dos-aeronaves-de-la-fuerza-aerea-mexicana","status":"publish","type":"post","link":"https:\/\/www.diarioimagen.net\/?p=292770","title":{"rendered":"Aterrizar\u00e1n en Ecatepec dos aeronaves de la Fuerza A\u00e9rea Mexicana"},"content":{"rendered":"<ul>\n<li><em><strong>Exhibici\u00f3n en el Parque Morelos<\/strong><\/em><\/li>\n<\/ul>\n<p>&nbsp;<\/p>\n<div id=\"attachment_292771\" style=\"width: 430px\" class=\"wp-caption aligncenter\"><a href=\"http:\/\/www.diarioimagen.net\/?attachment_id=292771\" rel=\"attachment wp-att-292771\"><img loading=\"lazy\" decoding=\"async\" aria-describedby=\"caption-attachment-292771\" class=\"size-large wp-image-292771\" src=\"http:\/\/www.diarioimagen.net\/wp-content\/uploads\/2016\/10\/AERONAVES10-portal-420x245.jpg\" alt=\"Exhibir\u00e1n en Ecatepec a un avi\u00f3n H\u00e9rcules H y un helic\u00f3ptero que utiliza la Fuerza A\u00e9rea Mexicana utilizado para tareas humanitarias.\" width=\"420\" height=\"245\" srcset=\"https:\/\/www.diarioimagen.net\/wp-content\/uploads\/2016\/10\/AERONAVES10-portal-420x245.jpg 420w, https:\/\/www.diarioimagen.net\/wp-content\/uploads\/2016\/10\/AERONAVES10-portal-240x140.jpg 240w, https:\/\/www.diarioimagen.net\/wp-content\/uploads\/2016\/10\/AERONAVES10-portal.jpg 480w\" sizes=\"auto, (max-width: 420px) 100vw, 420px\" \/><\/a><p id=\"caption-attachment-292771\" class=\"wp-caption-text\">Exhibir\u00e1n en Ecatepec a un avi\u00f3n H\u00e9rcules H y un helic\u00f3ptero que utiliza la Fuerza A\u00e9rea Mexicana utilizado para tareas humanitarias.<\/p><\/div>\n<p>&nbsp;<\/p>\n<p><strong>Ecatepec, Estado de M\u00e9xico<\/strong>.- Un avi\u00f3n H\u00e9rcules H y un helic\u00f3ptero utilizado para realizar tareas de ayuda humanitaria aterrizar\u00e1n en los pr\u00f3ximos d\u00edas en el Parque Morelos, ubicado en la unidad CTM 14 de Ecatepec, para que puedan ser disfrutados por los habitantes del lugar que adem\u00e1s contar\u00e1 con juegos infantiles, pista de patinaje, trotapista, ciclista para fomentar el deporte y la convivencia.<\/p>\n<p>El capit\u00e1n Teodoro Castel\u00e1n, piloto encargado de la maniobra de traslado, explic\u00f3 que las aeronaves que llegar\u00e1n a Ecatepec en breve son un H\u00e9rcules C-130, y un helic\u00f3ptero Sikorsky CH-53 bimotor Sea Stallion.<\/p>\n<p>\u201cEl H\u00e9rcules estuvo aproximadamente 20 o 30 a\u00f1os en servicio en la Fuerza A\u00e9rea, y el helic\u00f3ptero, que se utiliza para el traslado de tropa y tambi\u00e9n para labores de ayuda humanitaria, estuvo alrededor de 10 o 12 a\u00f1os en servicio\u201d, explic\u00f3 el capit\u00e1n Castel\u00e1n.<\/p>\n<p>Agreg\u00f3 que actualmente, en la Base A\u00e9rea de Santa Luc\u00eda de la Fuerza A\u00e9rea Mexicana se realiza el trabajo de desarmado de las dos aeronaves, cuyas piezas est\u00e1n siendo trasladadas a la que ser\u00e1 su sede final, en donde ser\u00e1n ensamblados de nuevo para dejarlos en su l\u00ednea original de vuelo.<\/p>\n<p>\u201cLos habitantes podr\u00e1n disfrutar de un avi\u00f3n H\u00e9rcules y de un helic\u00f3ptero de ayuda humanitaria en el Parque de la unidad CTM 14 con todo su equipamiento original, llevamos 24 d\u00edas desarm\u00e1ndolos y esperamos concluir toda la maniobra en 45 o 50 d\u00edas, ya estamos haciendo la log\u00edstica y estamos haciendo la ruta para que esta misma semana se pueda hacer el traslado\u201d, abund\u00f3.<\/p>\n<p>De acuerdo con el programa de traslado, explic\u00f3, ambas aeronaves podr\u00edan ser trasladadas este martes hacia el parque, en un convoy que recorrer-a las calles de Tec\u00e1mac y Ecatepec, con el respaldo de la Secretar\u00eda de Infraestructura del Estado de M\u00e9xico, la Comisi\u00f3n Estatal de Seguridad y la presencia municipal de Ecatepec.<\/p>\n<p>El avi\u00f3n, precis\u00f3, es un multimotor y tiene una capacidad de carga 25 toneladas de peso, al ser una de las aeronaves m\u00e1s grandes que existen; respecto al helic\u00f3ptero, \u00e9ste tendr\u00eda capacidad para transportar entre 40 y 50 personas.<\/p>\n<p>El destino final de ambas aeronaves, que fueron donadas al Estado de M\u00e9xico, ser\u00e1 quedar en el parque, cuya tem\u00e1tica ser\u00e1 conmemorativa al Centenario de las Fuerzas Armadas.<\/p>\n<p>El parque de la Unidad CTM 14, que llevar\u00e1 el nombre de Morelos, tendr\u00e1 una inversi\u00f3n de m\u00e1s de 80 millones de pesos y beneficiar\u00e1 a 100 mil habitantes; contar\u00e1 con una pista de patinaje, trotapista, ciclopista, cancha de usos m\u00faltiples y una cancha de futbol 7 con pasto sint\u00e9tico.<\/p>\n<p>Tambi\u00e9n tendr\u00e1 juegos infantiles, mesas de picnic para que las familias puedan convivir en \u00e9l, y se pretende que se integre como parte de los espacios p\u00fablicos recuperados que el gobierno estatal ha rehabilitado para mejorar las condiciones de vida de los mexiquenses.<\/p>\n<p>El capit\u00e1n Teodoro Castel\u00e1n indic\u00f3 que de acuerdo con la calendarizaci\u00f3n, el traslado de las dos a\u00e9ronaves podr\u00eda realizarse durante la noche de este martes, a fin de generar las menores complicaciones viales, y los ciudadanos podr\u00e1n ver el paso del convoy con ambos equipos, cuyo arribo podr\u00eda darse durante la madrugada del mi\u00e9rcoles.<\/p>\n","protected":false},"excerpt":{"rendered":"<p>Un avi\u00f3n H\u00e9rcules H y un helic\u00f3ptero utilizado para realizar tareas de ayuda humanitaria aterrizar\u00e1n en los pr\u00f3ximos d\u00edas en el Parque Morelos, ubicado en la unidad CTM 14 de Ecatepec, para que puedan ser disfrutados por los habitantes del lugar que adem\u00e1s contar\u00e1 con juegos infantiles, pista de patinaje, trotapista, ciclista para fomentar el deporte y la convivencia.<\/p>\n","protected":false},"author":5,"featured_media":292771,"comment_status":"open","ping_status":"open","sticky":false,"template":"","format":"standard","meta":{"_monsterinsights_skip_tracking":false,"_monsterinsights_sitenote_active":false,"_monsterinsights_sitenote_note":"","_monsterinsights_sitenote_category":0,"footnotes":""},"categories":[35155],"tags":[454,43675,2191],"class_list":["post-292770","post","type-post","status-publish","format-standard","has-post-thumbnail","hentry","category-estado-de-mexico-estado-de-mexico","tag-ecatepec","tag-estado-de-mexico","tag-fuerza-aerea-mexicana"],"_links":{"self":[{"href":"https:\/\/www.diarioimagen.net\/index.php?rest_route=\/wp\/v2\/posts\/292770","targetHints":{"allow":["GET"]}}],"collection":[{"href":"https:\/\/www.diarioimagen.net\/index.php?rest_route=\/wp\/v2\/posts"}],"about":[{"href":"https:\/\/www.diarioimagen.net\/index.php?rest_route=\/wp\/v2\/types\/post"}],"author":[{"embeddable":true,"href":"https:\/\/www.diarioimagen.net\/index.php?rest_route=\/wp\/v2\/users\/5"}],"replies":[{"embeddable":true,"href":"https:\/\/www.diarioimagen.net\/index.php?rest_route=%2Fwp%2Fv2%2Fcomments&post=292770"}],"version-history":[{"count":0,"href":"https:\/\/www.diarioimagen.net\/index.php?rest_route=\/wp\/v2\/posts\/292770\/revisions"}],"wp:featuredmedia":[{"embeddable":true,"href":"https:\/\/www.diarioimagen.net\/index.php?rest_route=\/wp\/v2\/media\/292771"}],"wp:attachment":[{"href":"https:\/\/www.diarioimagen.net\/index.php?rest_route=%2Fwp%2Fv2%2Fmedia&parent=292770"}],"wp:term":[{"taxonomy":"category","embeddable":true,"href":"https:\/\/www.diarioimagen.net\/index.php?rest_route=%2Fwp%2Fv2%2Fcategories&post=292770"},{"taxonomy":"post_tag","embeddable":true,"href":"https:\/\/www.diarioimagen.net\/index.php?rest_route=%2Fwp%2Fv2%2Ftags&post=292770"}],"curies":[{"name":"wp","href":"https:\/\/api.w.org\/{rel}","templated":true}]}}