{"id":292773,"date":"2016-10-10T00:08:06","date_gmt":"2016-10-10T05:08:06","guid":{"rendered":"http:\/\/www.diarioimagen.net\/?p=292773"},"modified":"2016-10-10T23:27:59","modified_gmt":"2016-10-11T04:27:59","slug":"llama-eruviel-avila-a-empresarios-a-cerrar-filas-por-mexico","status":"publish","type":"post","link":"https:\/\/www.diarioimagen.net\/?p=292773","title":{"rendered":"Llamado a empresarios a cerrar filas por M\u00e9xico"},"content":{"rendered":"<ul>\n<li><strong><em>Participaci\u00f3n en el panel \u201cImpulso a las Vocaciones Regionales\u201d<\/em><\/strong><\/li>\n<\/ul>\n<h6>Jos\u00e9 Luis Monta\u00f1ez<\/h6>\n<p>&nbsp;<\/p>\n<div id=\"attachment_292774\" style=\"width: 430px\" class=\"wp-caption aligncenter\"><a href=\"http:\/\/www.diarioimagen.net\/?attachment_id=292774\" rel=\"attachment wp-att-292774\"><img loading=\"lazy\" decoding=\"async\" aria-describedby=\"caption-attachment-292774\" class=\"size-large wp-image-292774\" src=\"http:\/\/www.diarioimagen.net\/wp-content\/uploads\/2016\/10\/ERUVIEL10-portal-420x245.jpg\" alt=\"Eruviel \u00c1vila Villegas particip\u00f3 en el panel de Gobernadores \u201cImpulso a las Vocaciones Regionales\u201d, que organiz\u00f3 la Concamin.\" width=\"420\" height=\"245\" srcset=\"https:\/\/www.diarioimagen.net\/wp-content\/uploads\/2016\/10\/ERUVIEL10-portal-420x245.jpg 420w, https:\/\/www.diarioimagen.net\/wp-content\/uploads\/2016\/10\/ERUVIEL10-portal-240x140.jpg 240w, https:\/\/www.diarioimagen.net\/wp-content\/uploads\/2016\/10\/ERUVIEL10-portal.jpg 480w\" sizes=\"auto, (max-width: 420px) 100vw, 420px\" \/><\/a><p id=\"caption-attachment-292774\" class=\"wp-caption-text\">Eruviel \u00c1vila Villegas particip\u00f3 en el panel de Gobernadores \u201cImpulso a las Vocaciones Regionales\u201d, que organiz\u00f3 la Concamin.<\/p><\/div>\n<p>&nbsp;<\/p>\n<p><strong>Guadalajara, Jalisco<\/strong>.- El gobernador Eruviel \u00c1vila Villegas hizo un llamado a integrantes del sector empresarial para cerrar filas por M\u00e9xico, porque consider\u00f3 que son tiempos de construir y de aportar, haciendo cada quien la parte que le corresponde; los gobiernos facilitando las inversiones y los empresarios generando empleos.<\/p>\n<p>Por ello, asegur\u00f3 que en el Estado de M\u00e9xico se ha hecho una gran apuesta a la creaci\u00f3n de proyectos de movilidad e infraestructura para ser m\u00e1s atractivos a la inversi\u00f3n, eliminando trabas y creando condiciones para proyectos productivos, adem\u00e1s de impulsar la educaci\u00f3n como palanca de desarrollo.<\/p>\n<p>\u201cEs cierto que son momentos de unidad, de cerrar filas por este gran pa\u00eds; que cada quien nos dediquemos a hacer la parte que nos toca, de manera constructiva, de manera eficaz y eficiente, son momentos de unidad, no son momentos de confrontaci\u00f3n\u201d,<\/p>\n<p>\u201cMi gran llamado, un cierre de filas por este gran pa\u00eds, por este M\u00e9xico que tanto amamos, y que desde luego, tanto necesita de sus empresarios, tanto necesita de sus gobernantes y de los representantes populares. Son tiempos de aportar, son tiempos de construir, son tiempos de unir\u201d, afirm\u00f3 el gobernador mexiquense.<\/p>\n<p>Durante su participaci\u00f3n en el panel de Gobernadores \u201cImpulso a las Vocaciones Regionales\u201d, que organiz\u00f3 la Confederaci\u00f3n de C\u00e1maras Industriales de los Estados Unidos Mexicanos (Concamin), y en la que tomaron parte los gobernadores de Jalisco, Arist\u00f3teles Sandoval D\u00edaz, y de Puebla, Rafael Moreno Valle, el gobernador Eruviel \u00c1vila destac\u00f3 el avance que el Estado de M\u00e9xico registr\u00f3 los \u00faltimos cinco a\u00f1os en el estudio Doing Business, del Banco Mundial, pasando del lugar 28 al segundo como entidad ideal para la apertura de negocios.<\/p>\n<p>En presencia de Manuel Herrera Vega, presidente de Concamin, el gobernador explic\u00f3 que ese resultado es producto de varias\u00a0 reformas en el Edomex, como el establecer por ley la mejora regulatoria, y de una serie de acciones que se han hecho de manera coordinada con los poderes Judicial, Legislativo, los ayuntamientos, as\u00ed como con los empresarios.<\/p>\n","protected":false},"excerpt":{"rendered":"<p><span style=\"color: #005497;\">Jos\u00e9 Luis Monta\u00f1ez Aguilar<\/span><br \/>\n<br \/>\nEl gobernador Eruviel \u00c1vila Villegas hizo un llamado a integrantes del sector empresarial para cerrar filas por M\u00e9xico, porque consider\u00f3 que son tiempos de construir y de aportar, haciendo cada quien la parte que le corresponde; los gobiernos facilitando las inversiones y los empresarios generando empleos.<\/p>\n","protected":false},"author":5,"featured_media":292774,"comment_status":"open","ping_status":"open","sticky":false,"template":"","format":"standard","meta":{"_monsterinsights_skip_tracking":false,"_monsterinsights_sitenote_active":false,"_monsterinsights_sitenote_note":"","_monsterinsights_sitenote_category":0,"footnotes":""},"categories":[5],"tags":[5828,2821,43],"class_list":["post-292773","post","type-post","status-publish","format-standard","has-post-thumbnail","hentry","category-estado-de-mexico","tag-eruviel-avila-villegas","tag-guadalajara","tag-jalisco"],"_links":{"self":[{"href":"https:\/\/www.diarioimagen.net\/index.php?rest_route=\/wp\/v2\/posts\/292773","targetHints":{"allow":["GET"]}}],"collection":[{"href":"https:\/\/www.diarioimagen.net\/index.php?rest_route=\/wp\/v2\/posts"}],"about":[{"href":"https:\/\/www.diarioimagen.net\/index.php?rest_route=\/wp\/v2\/types\/post"}],"author":[{"embeddable":true,"href":"https:\/\/www.diarioimagen.net\/index.php?rest_route=\/wp\/v2\/users\/5"}],"replies":[{"embeddable":true,"href":"https:\/\/www.diarioimagen.net\/index.php?rest_route=%2Fwp%2Fv2%2Fcomments&post=292773"}],"version-history":[{"count":0,"href":"https:\/\/www.diarioimagen.net\/index.php?rest_route=\/wp\/v2\/posts\/292773\/revisions"}],"wp:featuredmedia":[{"embeddable":true,"href":"https:\/\/www.diarioimagen.net\/index.php?rest_route=\/wp\/v2\/media\/292774"}],"wp:attachment":[{"href":"https:\/\/www.diarioimagen.net\/index.php?rest_route=%2Fwp%2Fv2%2Fmedia&parent=292773"}],"wp:term":[{"taxonomy":"category","embeddable":true,"href":"https:\/\/www.diarioimagen.net\/index.php?rest_route=%2Fwp%2Fv2%2Fcategories&post=292773"},{"taxonomy":"post_tag","embeddable":true,"href":"https:\/\/www.diarioimagen.net\/index.php?rest_route=%2Fwp%2Fv2%2Ftags&post=292773"}],"curies":[{"name":"wp","href":"https:\/\/api.w.org\/{rel}","templated":true}]}}