{"id":292841,"date":"2016-10-10T00:06:08","date_gmt":"2016-10-10T05:06:08","guid":{"rendered":"http:\/\/www.diarioimagen.net\/?p=292841"},"modified":"2016-10-10T04:09:04","modified_gmt":"2016-10-10T09:09:04","slug":"reforzaran-seguridad-en-tlalnepantla-para-efectiva-lucha-contra-delincuencia","status":"publish","type":"post","link":"https:\/\/www.diarioimagen.net\/?p=292841","title":{"rendered":"Reforzar\u00e1n seguridad en Tlalnepantla para efectiva lucha contra delincuencia"},"content":{"rendered":"<ul>\n<li><strong><em>Convenio con la PGJEM<\/em><\/strong><\/li>\n<\/ul>\n<p>&nbsp;<\/p>\n<div id=\"attachment_292921\" style=\"width: 430px\" class=\"wp-caption aligncenter\"><a href=\"http:\/\/www.diarioimagen.net\/?attachment_id=292921\" rel=\"attachment wp-att-292921\"><img loading=\"lazy\" decoding=\"async\" aria-describedby=\"caption-attachment-292921\" class=\"size-large wp-image-292921\" src=\"http:\/\/www.diarioimagen.net\/wp-content\/uploads\/2016\/10\/TLALNEPANTLA-2971-420x336.jpg\" alt=\"La alcaldesa, Denisse Ugalde Alegr\u00eda, firm\u00f3 el convenio de colaboraci\u00f3n y coordinaci\u00f3n de acciones con la Procuradur\u00eda General de Justicia del Estado de M\u00e9xico.\" width=\"420\" height=\"336\" srcset=\"https:\/\/www.diarioimagen.net\/wp-content\/uploads\/2016\/10\/TLALNEPANTLA-2971-420x336.jpg 420w, https:\/\/www.diarioimagen.net\/wp-content\/uploads\/2016\/10\/TLALNEPANTLA-2971-240x192.jpg 240w, https:\/\/www.diarioimagen.net\/wp-content\/uploads\/2016\/10\/TLALNEPANTLA-2971.jpg 700w\" sizes=\"auto, (max-width: 420px) 100vw, 420px\" \/><\/a><p id=\"caption-attachment-292921\" class=\"wp-caption-text\">La alcaldesa, Denisse Ugalde Alegr\u00eda, firm\u00f3 el convenio de colaboraci\u00f3n y coordinaci\u00f3n de acciones con la Procuradur\u00eda General de Justicia del Estado de M\u00e9xico.<\/p><\/div>\n<p>&nbsp;<\/p>\n<p><strong>Tlalnepantla, Estado de M\u00e9xico.<\/strong>&#8211; Con la finalidad de combatir con mayor efectividad la delincuencia que aqueja a los tlalnepantlenses, la presidenta municipal, Denisse Ugalde Alegr\u00eda, firm\u00f3 el convenio de colaboraci\u00f3n y coordinaci\u00f3n de acciones con la Procuradur\u00eda General de Justicia del Estado de M\u00e9xico.<\/p>\n<p>Ante el procurador Alejandro Jaime G\u00f3mez S\u00e1nchez, la alcaldesa agradeci\u00f3 la disposici\u00f3n de la PGJEM para sumar esfuerzos que redit\u00faen mejores condiciones de vida para la poblaci\u00f3n.<\/p>\n<p>Puntualiz\u00f3 que una de las demandas m\u00e1s sentidas de la poblaci\u00f3n, es lo referente a la seguridad p\u00fablica, de ah\u00ed que con este convenio se fortalezca dicho\u00a0rubro para garantizar mayor protecci\u00f3n en territorio local.<\/p>\n<p>Ugalde Alegr\u00eda inform\u00f3 que el convenio referido establece las bases de colaboraci\u00f3n entre la polic\u00eda municipal y la PGJEM para neutralizar los objetivos generadores de violencia, mediante una estrategia coordinada entre el estado y el municipio, bajo un esquema de legalidad y respeto a los derechos humanos.<\/p>\n<p>A\u00f1adi\u00f3 que a trav\u00e9s de \u00e9ste, ambas instancias se comprometen a realizar acciones interinstitucionales, con la participaci\u00f3n de las autoridades estatales y municipales, para desarticular a los grupos delictivos en la localidad.<\/p>\n<p>Adem\u00e1s, dijo, se crear\u00e1n e impulsar\u00e1n mecanismos de intercambio de informaci\u00f3n e inteligencia para coadyuvar en la disminuci\u00f3n de la incidencia delictiva y de esta manera recuperar los espacios p\u00fablicos.<\/p>\n<p>Respecto a los operativos conjuntos entre la polic\u00eda estatal y municipal, la alcaldesa Denisse Ugalde resalt\u00f3 que \u00e9stos se intensificar\u00e1n y continuar\u00e1n en las 265 colonias de Tlalnepantla.<\/p>\n<p>Cabe mencionar que como parte de la estrategia que se implementar\u00e1 para combatir la inseguridad en el municipio, el Cabildo aprob\u00f3 por mayor\u00eda el nombramiento de Alejandro Villar del Mazo,\u00a0como nuevo comisario de Seguridad Ciudadana.<\/p>\n<p>&nbsp;<\/p>\n","protected":false},"excerpt":{"rendered":"<p> Con la finalidad de combatir con mayor efectividad la delincuencia que aqueja a los tlalnepantlenses, la presidenta municipal, Denisse Ugalde Alegr\u00eda, firm\u00f3 el convenio de colaboraci\u00f3n y coordinaci\u00f3n de acciones con la Procuradur\u00eda General de Justicia del Estado de M\u00e9xico.<\/p>\n","protected":false},"author":3,"featured_media":292921,"comment_status":"open","ping_status":"open","sticky":false,"template":"","format":"standard","meta":{"_monsterinsights_skip_tracking":false,"_monsterinsights_sitenote_active":false,"_monsterinsights_sitenote_note":"","_monsterinsights_sitenote_category":0,"footnotes":""},"categories":[35155],"tags":[8654,43675,29695,169],"class_list":["post-292841","post","type-post","status-publish","format-standard","has-post-thumbnail","hentry","category-estado-de-mexico-estado-de-mexico","tag-delincuencia","tag-estado-de-mexico","tag-procuraduria-general-de-justicia-del-estado-de-mexico","tag-tlalnepantla"],"_links":{"self":[{"href":"https:\/\/www.diarioimagen.net\/index.php?rest_route=\/wp\/v2\/posts\/292841","targetHints":{"allow":["GET"]}}],"collection":[{"href":"https:\/\/www.diarioimagen.net\/index.php?rest_route=\/wp\/v2\/posts"}],"about":[{"href":"https:\/\/www.diarioimagen.net\/index.php?rest_route=\/wp\/v2\/types\/post"}],"author":[{"embeddable":true,"href":"https:\/\/www.diarioimagen.net\/index.php?rest_route=\/wp\/v2\/users\/3"}],"replies":[{"embeddable":true,"href":"https:\/\/www.diarioimagen.net\/index.php?rest_route=%2Fwp%2Fv2%2Fcomments&post=292841"}],"version-history":[{"count":0,"href":"https:\/\/www.diarioimagen.net\/index.php?rest_route=\/wp\/v2\/posts\/292841\/revisions"}],"wp:featuredmedia":[{"embeddable":true,"href":"https:\/\/www.diarioimagen.net\/index.php?rest_route=\/wp\/v2\/media\/292921"}],"wp:attachment":[{"href":"https:\/\/www.diarioimagen.net\/index.php?rest_route=%2Fwp%2Fv2%2Fmedia&parent=292841"}],"wp:term":[{"taxonomy":"category","embeddable":true,"href":"https:\/\/www.diarioimagen.net\/index.php?rest_route=%2Fwp%2Fv2%2Fcategories&post=292841"},{"taxonomy":"post_tag","embeddable":true,"href":"https:\/\/www.diarioimagen.net\/index.php?rest_route=%2Fwp%2Fv2%2Ftags&post=292841"}],"curies":[{"name":"wp","href":"https:\/\/api.w.org\/{rel}","templated":true}]}}