{"id":292849,"date":"2016-10-10T00:03:25","date_gmt":"2016-10-10T05:03:25","guid":{"rendered":"http:\/\/www.diarioimagen.net\/?p=292849"},"modified":"2016-10-10T04:23:02","modified_gmt":"2016-10-10T09:23:02","slug":"recuerda-cronista-municipal-el-paso-del-tren-por-metepec","status":"publish","type":"post","link":"https:\/\/www.diarioimagen.net\/?p=292849","title":{"rendered":"Recuerda cronista municipal el paso del tren por Metepec"},"content":{"rendered":"<ul>\n<li><strong><em>Actividades literarias de \u201cQuimera\u201d<\/em><\/strong><\/li>\n<\/ul>\n<p>&nbsp;<\/p>\n<div id=\"attachment_292930\" style=\"width: 430px\" class=\"wp-caption aligncenter\"><a href=\"http:\/\/www.diarioimagen.net\/?attachment_id=292930\" rel=\"attachment wp-att-292930\"><img loading=\"lazy\" decoding=\"async\" aria-describedby=\"caption-attachment-292930\" class=\"size-large wp-image-292930\" src=\"http:\/\/www.diarioimagen.net\/wp-content\/uploads\/2016\/10\/METEPEC-2971-420x236.jpg\" alt=\"Interesante conferencia del cronista municipal, Cristian Reynoso, sobre la relevancia de Metepec.\" width=\"420\" height=\"236\" srcset=\"https:\/\/www.diarioimagen.net\/wp-content\/uploads\/2016\/10\/METEPEC-2971-420x236.jpg 420w, https:\/\/www.diarioimagen.net\/wp-content\/uploads\/2016\/10\/METEPEC-2971-240x135.jpg 240w, https:\/\/www.diarioimagen.net\/wp-content\/uploads\/2016\/10\/METEPEC-2971-235x132.jpg 235w, https:\/\/www.diarioimagen.net\/wp-content\/uploads\/2016\/10\/METEPEC-2971-202x114.jpg 202w, https:\/\/www.diarioimagen.net\/wp-content\/uploads\/2016\/10\/METEPEC-2971-350x196.jpg 350w, https:\/\/www.diarioimagen.net\/wp-content\/uploads\/2016\/10\/METEPEC-2971-220x123.jpg 220w, https:\/\/www.diarioimagen.net\/wp-content\/uploads\/2016\/10\/METEPEC-2971-237x132.jpg 237w, https:\/\/www.diarioimagen.net\/wp-content\/uploads\/2016\/10\/METEPEC-2971.jpg 480w\" sizes=\"auto, (max-width: 420px) 100vw, 420px\" \/><\/a><p id=\"caption-attachment-292930\" class=\"wp-caption-text\">Interesante conferencia del cronista municipal, Cristian Reynoso, sobre la relevancia de Metepec.<\/p><\/div>\n<p>&nbsp;<\/p>\n<p><strong>Metepec, Estado de M\u00e9xico<\/strong>.- La relevancia que tiene Metepec en la vida econ\u00f3mica y social de la regi\u00f3n, no es reciente.<\/p>\n<p>Como parte de las actividades literarias de Quimera, el cronista municipal Cristian Reynoso Rodr\u00edguez, comparti\u00f3 en el foro del Centro Cultural El Diezmo, la investigaci\u00f3n sobre el tren que cruzaba por el centro de este municipio en el a\u00f1o de 1900 y cuatro d\u00e9cadas m\u00e1s cuando dej\u00f3 de operar por lugar. En ese entonces era fundamental el comercio y transporte que part\u00eda de Toluca para dirigirse a Tenango del Valle.<\/p>\n<p>Para honrar el paso de ferrocarril, el tambi\u00e9n escritor, refiri\u00f3 \u00a0que en 2011 se construy\u00f3 la Plaza del Maguey, al pie del Cerro de los Magueyes, que incluye una parada de estaci\u00f3n del tren que era conocido como el Perico, por el tono verde que lo ostentaba.<\/p>\n<p style=\"text-align: center;\"><strong>Se confrontan Prieto\u00a0<\/strong><strong>e Infanz\u00f3n en duelo de pianos<\/strong><\/p>\n<p>Dentro de las actividades de Quimera, los grandes exponentes de piano, Alberto Cruz Prieto y H\u00e9ctor Infanz\u00f3n, presentaron en Metepec, el espect\u00e1culo: M\u00e1scara contra Cabellera, piano a dos de tres ca\u00eddas sin l\u00edmite de notas.<\/p>\n<p>Enfrentados en su particular estilo, uno t\u00e9cnico y el otro disciplinado, Cruz Prieto e Infanz\u00f3n unieron su talento para interpretar melod\u00edas hecha para dos pianos y deleitar al p\u00fablico de Quimera que se dio cita en el foro de la plaza Ju\u00e1rez, donde \u00a0sucumbi\u00f3 ante magistral y entretenida interpretaci\u00f3n.<\/p>\n<p>Infanz\u00f3n, originario de la Ciudad de M\u00e9xico, ha participado en varios festivales de jazz en el mundo, entre ellos, Canad\u00e1, Estados Unidos, Cuba, por mencionar algunos y ha compartido su talento con Carlos Santana, Papo Lucca, entre otros, mientras que Cruz Prieto, por su excelsa forma de tocar el piano, le ha llevado a visitar varias ciudades del mundo, sobre todo Europa y Am\u00e9rica, adem\u00e1s fue director musical de la obra <em>Donna Giovanni<\/em>.<\/p>\n<p>&nbsp;<\/p>\n","protected":false},"excerpt":{"rendered":"<p>La relevancia que tiene Metepec en la vida econ\u00f3mica y social de la regi\u00f3n, no es reciente.<\/p>\n","protected":false},"author":3,"featured_media":292930,"comment_status":"open","ping_status":"open","sticky":false,"template":"","format":"standard","meta":{"_monsterinsights_skip_tracking":false,"_monsterinsights_sitenote_active":false,"_monsterinsights_sitenote_note":"","_monsterinsights_sitenote_category":0,"footnotes":""},"categories":[35155],"tags":[43675,876,54184],"class_list":["post-292849","post","type-post","status-publish","format-standard","has-post-thumbnail","hentry","category-estado-de-mexico-estado-de-mexico","tag-estado-de-mexico","tag-metepec","tag-quimera"],"_links":{"self":[{"href":"https:\/\/www.diarioimagen.net\/index.php?rest_route=\/wp\/v2\/posts\/292849","targetHints":{"allow":["GET"]}}],"collection":[{"href":"https:\/\/www.diarioimagen.net\/index.php?rest_route=\/wp\/v2\/posts"}],"about":[{"href":"https:\/\/www.diarioimagen.net\/index.php?rest_route=\/wp\/v2\/types\/post"}],"author":[{"embeddable":true,"href":"https:\/\/www.diarioimagen.net\/index.php?rest_route=\/wp\/v2\/users\/3"}],"replies":[{"embeddable":true,"href":"https:\/\/www.diarioimagen.net\/index.php?rest_route=%2Fwp%2Fv2%2Fcomments&post=292849"}],"version-history":[{"count":0,"href":"https:\/\/www.diarioimagen.net\/index.php?rest_route=\/wp\/v2\/posts\/292849\/revisions"}],"wp:featuredmedia":[{"embeddable":true,"href":"https:\/\/www.diarioimagen.net\/index.php?rest_route=\/wp\/v2\/media\/292930"}],"wp:attachment":[{"href":"https:\/\/www.diarioimagen.net\/index.php?rest_route=%2Fwp%2Fv2%2Fmedia&parent=292849"}],"wp:term":[{"taxonomy":"category","embeddable":true,"href":"https:\/\/www.diarioimagen.net\/index.php?rest_route=%2Fwp%2Fv2%2Fcategories&post=292849"},{"taxonomy":"post_tag","embeddable":true,"href":"https:\/\/www.diarioimagen.net\/index.php?rest_route=%2Fwp%2Fv2%2Ftags&post=292849"}],"curies":[{"name":"wp","href":"https:\/\/api.w.org\/{rel}","templated":true}]}}