{"id":292851,"date":"2016-10-10T00:02:43","date_gmt":"2016-10-10T05:02:43","guid":{"rendered":"http:\/\/www.diarioimagen.net\/?p=292851"},"modified":"2016-10-10T04:25:05","modified_gmt":"2016-10-10T09:25:05","slug":"pri-edomex-requiere-un-candidato-de-amplio-prestigio-talento-y-experiencia","status":"publish","type":"post","link":"https:\/\/www.diarioimagen.net\/?p=292851","title":{"rendered":"PRI Edomex requiere un candidato de amplio prestigio, talento y experiencia"},"content":{"rendered":"<ul>\n<li><strong><em>Necesario volver a selecci\u00f3n interna: Yuridia Soto<\/em><\/strong><\/li>\n<\/ul>\n<p>&nbsp;<\/p>\n<div id=\"attachment_292933\" style=\"width: 430px\" class=\"wp-caption aligncenter\"><a href=\"http:\/\/www.diarioimagen.net\/?attachment_id=292933\" rel=\"attachment wp-att-292933\"><img loading=\"lazy\" decoding=\"async\" aria-describedby=\"caption-attachment-292933\" class=\"size-large wp-image-292933\" src=\"http:\/\/www.diarioimagen.net\/wp-content\/uploads\/2016\/10\/TLALNEPANTLA-2971-1-420x236.jpg\" alt=\"La s\u00edndico Yuridia Soto plantea volver a la pr\u00e1ctica de la elecci\u00f3n interna, para el candidato del PRI al gobierno del estado.\" width=\"420\" height=\"236\" srcset=\"https:\/\/www.diarioimagen.net\/wp-content\/uploads\/2016\/10\/TLALNEPANTLA-2971-1-420x236.jpg 420w, https:\/\/www.diarioimagen.net\/wp-content\/uploads\/2016\/10\/TLALNEPANTLA-2971-1-240x135.jpg 240w, https:\/\/www.diarioimagen.net\/wp-content\/uploads\/2016\/10\/TLALNEPANTLA-2971-1-235x132.jpg 235w, https:\/\/www.diarioimagen.net\/wp-content\/uploads\/2016\/10\/TLALNEPANTLA-2971-1-202x114.jpg 202w, https:\/\/www.diarioimagen.net\/wp-content\/uploads\/2016\/10\/TLALNEPANTLA-2971-1-350x196.jpg 350w, https:\/\/www.diarioimagen.net\/wp-content\/uploads\/2016\/10\/TLALNEPANTLA-2971-1-220x123.jpg 220w, https:\/\/www.diarioimagen.net\/wp-content\/uploads\/2016\/10\/TLALNEPANTLA-2971-1-237x132.jpg 237w, https:\/\/www.diarioimagen.net\/wp-content\/uploads\/2016\/10\/TLALNEPANTLA-2971-1.jpg 480w\" sizes=\"auto, (max-width: 420px) 100vw, 420px\" \/><\/a><p id=\"caption-attachment-292933\" class=\"wp-caption-text\">La s\u00edndico Yuridia Soto plantea volver a la pr\u00e1ctica de la elecci\u00f3n interna, para el candidato del PRI al gobierno del estado.<\/p><\/div>\n<p>&nbsp;<\/p>\n<p><strong>Tlalnepantla, Estado de M\u00e9xico<\/strong>.- Lo complicado y medular de la elecci\u00f3n del Estado de M\u00e9xico 2017 obliga a que el Partido Revolucionario Institucional postule a su militante de m\u00e1s prestigio, talento y experiencia, para lo cual es indispensable volver a la acreditada pr\u00e1ctica de la elecci\u00f3n interna, sin raz\u00f3n descartada desde hace varios a\u00f1os, dijo la s\u00edndico, Yuridia Soto.<\/p>\n<p>Explic\u00f3 que una pr\u00e1ctica de acreditada democracia, como la mencionada que propone, da certeza y confianza a la militancia, que llegar\u00eda as\u00ed al momento cumbre con su conciencia fortalecida y con m\u00e1s posibilidades de imponerse en las urnas.<\/p>\n<p>Dijo la tambi\u00e9n delegada del PRI en Tlalnepantla que la elecci\u00f3n interna funcion\u00f3 bien durante el tiempo en que se le puso en pr\u00e1ctica, aunque ciertamente alguno o algunos de los derrotados al interior del Revolucionario Institucional, se inconforman en algunos procesos, cuando estos terminan, en raz\u00f3n de que no fueron los m\u00e1s populares, y por lo mismo quedaron marginados de la victoria.<\/p>\n<p>Manifest\u00f3 que con los comicios internos se descartan los dedazos o las imposiciones, llegando siempre con la bandera tricolor del pri\u00edsmo a la elecci\u00f3n, el elemento con m\u00e1s posibilidades de ganar en las urnas.<\/p>\n<p>Ese tipo de pr\u00e1cticas da prestigio a la instituci\u00f3n y desecha los rumores de imposiciones, que invariablemente siempre usan las diferentes fuerzas pol\u00edticas para descalificar al partido mayoritario.<\/p>\n<p>Hizo ver que el a\u00f1o pr\u00f3ximo el tricolor necesita ganar, no s\u00f3lo por la importancia de que el Estado de M\u00e9xico es la entidad federativa m\u00e1s poblada y rica del pa\u00eds, sino porque tambi\u00e9n la oposici\u00f3n espera que despojando al\u00a0 PRI de la joya de la corona.<\/p>\n<p>&nbsp;<\/p>\n","protected":false},"excerpt":{"rendered":"<p>Lo complicado y medular de la elecci\u00f3n del Estado de M\u00e9xico 2017 obliga a que el Partido Revolucionario Institucional postule a su militante de m\u00e1s prestigio, talento y experiencia, para lo cual es indispensable volver a la acreditada pr\u00e1ctica de la elecci\u00f3n interna, sin raz\u00f3n descartada desde hace varios a\u00f1os, dijo la s\u00edndico, Yuridia Soto.<\/p>\n","protected":false},"author":3,"featured_media":292933,"comment_status":"open","ping_status":"open","sticky":false,"template":"","format":"standard","meta":{"_monsterinsights_skip_tracking":false,"_monsterinsights_sitenote_active":false,"_monsterinsights_sitenote_note":"","_monsterinsights_sitenote_category":0,"footnotes":""},"categories":[35155],"tags":[43675,362,169],"class_list":["post-292851","post","type-post","status-publish","format-standard","has-post-thumbnail","hentry","category-estado-de-mexico-estado-de-mexico","tag-estado-de-mexico","tag-pri","tag-tlalnepantla"],"_links":{"self":[{"href":"https:\/\/www.diarioimagen.net\/index.php?rest_route=\/wp\/v2\/posts\/292851","targetHints":{"allow":["GET"]}}],"collection":[{"href":"https:\/\/www.diarioimagen.net\/index.php?rest_route=\/wp\/v2\/posts"}],"about":[{"href":"https:\/\/www.diarioimagen.net\/index.php?rest_route=\/wp\/v2\/types\/post"}],"author":[{"embeddable":true,"href":"https:\/\/www.diarioimagen.net\/index.php?rest_route=\/wp\/v2\/users\/3"}],"replies":[{"embeddable":true,"href":"https:\/\/www.diarioimagen.net\/index.php?rest_route=%2Fwp%2Fv2%2Fcomments&post=292851"}],"version-history":[{"count":0,"href":"https:\/\/www.diarioimagen.net\/index.php?rest_route=\/wp\/v2\/posts\/292851\/revisions"}],"wp:featuredmedia":[{"embeddable":true,"href":"https:\/\/www.diarioimagen.net\/index.php?rest_route=\/wp\/v2\/media\/292933"}],"wp:attachment":[{"href":"https:\/\/www.diarioimagen.net\/index.php?rest_route=%2Fwp%2Fv2%2Fmedia&parent=292851"}],"wp:term":[{"taxonomy":"category","embeddable":true,"href":"https:\/\/www.diarioimagen.net\/index.php?rest_route=%2Fwp%2Fv2%2Fcategories&post=292851"},{"taxonomy":"post_tag","embeddable":true,"href":"https:\/\/www.diarioimagen.net\/index.php?rest_route=%2Fwp%2Fv2%2Ftags&post=292851"}],"curies":[{"name":"wp","href":"https:\/\/api.w.org\/{rel}","templated":true}]}}