{"id":293045,"date":"2016-10-11T00:03:10","date_gmt":"2016-10-11T05:03:10","guid":{"rendered":"http:\/\/www.diarioimagen.net\/?p=293045"},"modified":"2016-10-11T07:39:00","modified_gmt":"2016-10-11T12:39:00","slug":"el-suteym-un-gremio-de-trabajo-no-de-pelea-david-parra-sanchez","status":"publish","type":"post","link":"https:\/\/www.diarioimagen.net\/?p=293045","title":{"rendered":"El SUTEyM, un gremio de trabajo, no de pelea: David Parra S\u00e1nchez"},"content":{"rendered":"<ul>\n<li><strong><em>Reconocen voluntad del gobierno naucalpense<\/em><\/strong><\/li>\n<\/ul>\n<p>&nbsp;<\/p>\n<div id=\"attachment_293151\" style=\"width: 470px\" class=\"wp-caption aligncenter\"><a href=\"http:\/\/www.diarioimagen.net\/?attachment_id=293151\" rel=\"attachment wp-att-293151\"><img loading=\"lazy\" decoding=\"async\" aria-describedby=\"caption-attachment-293151\" class=\"size-large wp-image-293151\" src=\"http:\/\/www.diarioimagen.net\/wp-content\/uploads\/2016\/10\/NAUCALPAN-2972-460x259.jpg\" alt=\"David Parra S\u00e1nchez, l\u00edder moral del SUTEyM, asegur\u00f3 \u00a0que el gremio es un instrumento de servicio y no de pelea.\" width=\"460\" height=\"259\" srcset=\"https:\/\/www.diarioimagen.net\/wp-content\/uploads\/2016\/10\/NAUCALPAN-2972-460x259.jpg 460w, https:\/\/www.diarioimagen.net\/wp-content\/uploads\/2016\/10\/NAUCALPAN-2972-240x135.jpg 240w, https:\/\/www.diarioimagen.net\/wp-content\/uploads\/2016\/10\/NAUCALPAN-2972-235x132.jpg 235w, https:\/\/www.diarioimagen.net\/wp-content\/uploads\/2016\/10\/NAUCALPAN-2972-202x114.jpg 202w, https:\/\/www.diarioimagen.net\/wp-content\/uploads\/2016\/10\/NAUCALPAN-2972-350x196.jpg 350w, https:\/\/www.diarioimagen.net\/wp-content\/uploads\/2016\/10\/NAUCALPAN-2972-220x123.jpg 220w, https:\/\/www.diarioimagen.net\/wp-content\/uploads\/2016\/10\/NAUCALPAN-2972-237x132.jpg 237w, https:\/\/www.diarioimagen.net\/wp-content\/uploads\/2016\/10\/NAUCALPAN-2972.jpg 480w\" sizes=\"auto, (max-width: 460px) 100vw, 460px\" \/><\/a><p id=\"caption-attachment-293151\" class=\"wp-caption-text\">David Parra S\u00e1nchez, l\u00edder moral del SUTEyM, asegur\u00f3 \u00a0que el gremio es un instrumento de servicio y no de pelea.<\/p><\/div>\n<p>&nbsp;<\/p>\n<p><strong>Naucalpan, Estado de M\u00e9xico<\/strong>.- El l\u00edder moral del Sindicato \u00danico de Trabajadores del Estado y sus Municipios (SUTEyM), David Parra S\u00e1nchez, asegur\u00f3 \u00a0que el gremio es un instrumento de servicio y no de pelea.<\/p>\n<p>Manifest\u00f3 que la base laboral son los mejores aliados del gobierno en turno, y quienes conocen a la perfecci\u00f3n la geograf\u00eda local y el funcionamiento de la administraci\u00f3n, por lo que insisti\u00f3 que cada tres a\u00f1os tienen que librar indistintos conflictos \u201cen un mismo infierno con diferente diablo\u201d.<\/p>\n<p>Sin embargo, reconoci\u00f3 en estos momentos una importante voluntad de la alcald\u00eda, despu\u00e9s de unos inicios sumamente cr\u00edticos, adem\u00e1s de la hist\u00f3rica postura de no intervenir en las decisiones que s\u00f3lo y exclusivamente corresponden a los trabajadores.<\/p>\n<p>En ese orden de ideas, destac\u00f3 que por vez primera \u201cel gobierno no se mete\u201d, como en otros tiempos que hubo quienes financiaron planas y planas en los medios de comunicaci\u00f3n para denigrar a la \u201cFamilia Parra\u201d u otros que intentaron instaurar un supuesto sindicato alterno.<\/p>\n<p>Tras referir que sistem\u00e1ticamente las \u201cmentiras se caen solas\u201d, por aquello de las intentonas de manipular a las personas, y s\u00f3lo tener formalmente el registro de Planilla \u00danica a la renovaci\u00f3n del comit\u00e9 seccional Naucalpan, asegur\u00f3 que no obstante, la victoria estaba anticipada por el excelente trabajo de la secci\u00f3n \u00a0sindical que en unos d\u00edas m\u00e1s concluye su periodo.<\/p>\n<p>Por otra parte, menci\u00f3n especial tuvieron en\u00a0 acto rumbo a los festejos del 78 Aniversario del SUTEyM Edomex, los hombres y mujeres que a lo largo de la historia de esta delegaci\u00f3n, han contribuido al fortalecimiento del colectivo y su grandiosa evoluci\u00f3n misma, siempre y en todo momento a favor de la clase trabajadora.<\/p>\n<p>&nbsp;<\/p>\n","protected":false},"excerpt":{"rendered":"<p>El l\u00edder moral del Sindicato \u00danico de Trabajadores del Estado y sus Municipios (SUTEyM), David Parra S\u00e1nchez, asegur\u00f3  que el gremio es un instrumento de servicio y no de pelea.<\/p>\n","protected":false},"author":3,"featured_media":293151,"comment_status":"open","ping_status":"open","sticky":false,"template":"","format":"standard","meta":{"_monsterinsights_skip_tracking":false,"_monsterinsights_sitenote_active":false,"_monsterinsights_sitenote_note":"","_monsterinsights_sitenote_category":0,"footnotes":""},"categories":[35155],"tags":[29035,43675,970,2572],"class_list":["post-293045","post","type-post","status-publish","format-standard","has-post-thumbnail","hentry","category-estado-de-mexico-estado-de-mexico","tag-david-parra-sanchez","tag-estado-de-mexico","tag-naucalpan","tag-suteym"],"_links":{"self":[{"href":"https:\/\/www.diarioimagen.net\/index.php?rest_route=\/wp\/v2\/posts\/293045","targetHints":{"allow":["GET"]}}],"collection":[{"href":"https:\/\/www.diarioimagen.net\/index.php?rest_route=\/wp\/v2\/posts"}],"about":[{"href":"https:\/\/www.diarioimagen.net\/index.php?rest_route=\/wp\/v2\/types\/post"}],"author":[{"embeddable":true,"href":"https:\/\/www.diarioimagen.net\/index.php?rest_route=\/wp\/v2\/users\/3"}],"replies":[{"embeddable":true,"href":"https:\/\/www.diarioimagen.net\/index.php?rest_route=%2Fwp%2Fv2%2Fcomments&post=293045"}],"version-history":[{"count":0,"href":"https:\/\/www.diarioimagen.net\/index.php?rest_route=\/wp\/v2\/posts\/293045\/revisions"}],"wp:featuredmedia":[{"embeddable":true,"href":"https:\/\/www.diarioimagen.net\/index.php?rest_route=\/wp\/v2\/media\/293151"}],"wp:attachment":[{"href":"https:\/\/www.diarioimagen.net\/index.php?rest_route=%2Fwp%2Fv2%2Fmedia&parent=293045"}],"wp:term":[{"taxonomy":"category","embeddable":true,"href":"https:\/\/www.diarioimagen.net\/index.php?rest_route=%2Fwp%2Fv2%2Fcategories&post=293045"},{"taxonomy":"post_tag","embeddable":true,"href":"https:\/\/www.diarioimagen.net\/index.php?rest_route=%2Fwp%2Fv2%2Ftags&post=293045"}],"curies":[{"name":"wp","href":"https:\/\/api.w.org\/{rel}","templated":true}]}}