{"id":293061,"date":"2016-10-11T00:01:44","date_gmt":"2016-10-11T05:01:44","guid":{"rendered":"http:\/\/www.diarioimagen.net\/?p=293061"},"modified":"2016-10-11T08:45:29","modified_gmt":"2016-10-11T13:45:29","slug":"vuelca-pesera-en-el-circuito-exterior-mexiquense-1-muerto","status":"publish","type":"post","link":"https:\/\/www.diarioimagen.net\/?p=293061","title":{"rendered":"Vuelca \u201cpesera\u201d en el Circuito Exterior Mexiquense; 1 muerto"},"content":{"rendered":"<ul>\n<li><strong><em>A la altura del kil\u00f3metro 45, en Ecatepec<\/em><\/strong><\/li>\n<\/ul>\n<p>&nbsp;<\/p>\n<div id=\"attachment_293160\" style=\"width: 470px\" class=\"wp-caption aligncenter\"><a href=\"http:\/\/www.diarioimagen.net\/?attachment_id=293160\" rel=\"attachment wp-att-293160\"><img loading=\"lazy\" decoding=\"async\" aria-describedby=\"caption-attachment-293160\" class=\"size-large wp-image-293160\" src=\"http:\/\/www.diarioimagen.net\/wp-content\/uploads\/2016\/10\/PESERA-2972-460x258.jpg\" alt=\"La volcadura de la pesera en el Circuito Exterior Mexiquense dej\u00f3 m\u00e1s de 20 personas lesionadas.\" width=\"460\" height=\"258\" srcset=\"https:\/\/www.diarioimagen.net\/wp-content\/uploads\/2016\/10\/PESERA-2972-460x258.jpg 460w, https:\/\/www.diarioimagen.net\/wp-content\/uploads\/2016\/10\/PESERA-2972-240x135.jpg 240w, https:\/\/www.diarioimagen.net\/wp-content\/uploads\/2016\/10\/PESERA-2972-480x270.jpg 480w, https:\/\/www.diarioimagen.net\/wp-content\/uploads\/2016\/10\/PESERA-2972-235x132.jpg 235w, https:\/\/www.diarioimagen.net\/wp-content\/uploads\/2016\/10\/PESERA-2972-202x114.jpg 202w, https:\/\/www.diarioimagen.net\/wp-content\/uploads\/2016\/10\/PESERA-2972-350x196.jpg 350w, https:\/\/www.diarioimagen.net\/wp-content\/uploads\/2016\/10\/PESERA-2972-220x123.jpg 220w, https:\/\/www.diarioimagen.net\/wp-content\/uploads\/2016\/10\/PESERA-2972-237x132.jpg 237w, https:\/\/www.diarioimagen.net\/wp-content\/uploads\/2016\/10\/PESERA-2972.jpg 700w\" sizes=\"auto, (max-width: 460px) 100vw, 460px\" \/><\/a><p id=\"caption-attachment-293160\" class=\"wp-caption-text\">La volcadura de la pesera en el Circuito Exterior Mexiquense dej\u00f3 m\u00e1s de 20 personas lesionadas.<\/p><\/div>\n<p>&nbsp;<\/p>\n<p>Una camioneta del transporte p\u00fablico volc\u00f3 en el Circuito Exterior Mexiquense, a la altura del kil\u00f3metro 45, en el \u00e1rea Los Pol\u00edgonos 2, en el municipio de Ecatepec, con un saldo de un muerto y una veintena de heridos.<\/p>\n<p>Las autoridades reportaron que el accidente ocurri\u00f3 alrededor de las 8:00 horas, entre el fraccionamiento Las Am\u00e9ricas y el R\u00edo de los Remedios, debido a que se ponch\u00f3 una llanta del veh\u00edculo y el conductor circulaba a exceso de velocidad. La unidad se impact\u00f3 contra el muro de contenci\u00f3n y se volc\u00f3.<\/p>\n<p>La persona que muri\u00f3 es una mujer de unos 40 a\u00f1os y su cuerpo qued\u00f3 aplastado por la combi.<\/p>\n<p>Al lugar llegaron ambulancias de la Cruz Roja, de los Servicios de Urgencias del Estado de Mexico y de Protecci\u00f3n Civil, quienes trasladaron a distintos hospitales a unos 10 heridos, debido a las lesiones. Otras 12 personas recibieron atenci\u00f3n m\u00e9dica en el lugar.<\/p>\n<p>Elementos de la Comisi\u00f3n Estatal de Seguridad Ciudadana (CESC) llegaron al sitio para apoyar a las labores de rescate.<\/p>\n<p>La v\u00eda fue cerrada para que los cuerpos de rescate pudieran realizar las labores correspondientes.<\/p>\n<p>&nbsp;<\/p>\n","protected":false},"excerpt":{"rendered":"<p>Una camioneta del transporte p\u00fablico volc\u00f3 en el Circuito Exterior Mexiquense, a la altura del kil\u00f3metro 45, en el \u00e1rea Los Pol\u00edgonos 2, en el municipio de Ecatepec, con un saldo de un muerto y una veintena de heridos.<\/p>\n","protected":false},"author":3,"featured_media":293160,"comment_status":"open","ping_status":"open","sticky":false,"template":"","format":"standard","meta":{"_monsterinsights_skip_tracking":false,"_monsterinsights_sitenote_active":false,"_monsterinsights_sitenote_note":"","_monsterinsights_sitenote_category":0,"footnotes":""},"categories":[35155],"tags":[9318,50522,43677,27007],"class_list":["post-293061","post","type-post","status-publish","format-standard","has-post-thumbnail","hentry","category-estado-de-mexico-estado-de-mexico","tag-circuito-exterior-mexiquense","tag-pesera","tag-seguridad","tag-vuelca"],"_links":{"self":[{"href":"https:\/\/www.diarioimagen.net\/index.php?rest_route=\/wp\/v2\/posts\/293061","targetHints":{"allow":["GET"]}}],"collection":[{"href":"https:\/\/www.diarioimagen.net\/index.php?rest_route=\/wp\/v2\/posts"}],"about":[{"href":"https:\/\/www.diarioimagen.net\/index.php?rest_route=\/wp\/v2\/types\/post"}],"author":[{"embeddable":true,"href":"https:\/\/www.diarioimagen.net\/index.php?rest_route=\/wp\/v2\/users\/3"}],"replies":[{"embeddable":true,"href":"https:\/\/www.diarioimagen.net\/index.php?rest_route=%2Fwp%2Fv2%2Fcomments&post=293061"}],"version-history":[{"count":0,"href":"https:\/\/www.diarioimagen.net\/index.php?rest_route=\/wp\/v2\/posts\/293061\/revisions"}],"wp:featuredmedia":[{"embeddable":true,"href":"https:\/\/www.diarioimagen.net\/index.php?rest_route=\/wp\/v2\/media\/293160"}],"wp:attachment":[{"href":"https:\/\/www.diarioimagen.net\/index.php?rest_route=%2Fwp%2Fv2%2Fmedia&parent=293061"}],"wp:term":[{"taxonomy":"category","embeddable":true,"href":"https:\/\/www.diarioimagen.net\/index.php?rest_route=%2Fwp%2Fv2%2Fcategories&post=293061"},{"taxonomy":"post_tag","embeddable":true,"href":"https:\/\/www.diarioimagen.net\/index.php?rest_route=%2Fwp%2Fv2%2Ftags&post=293061"}],"curies":[{"name":"wp","href":"https:\/\/api.w.org\/{rel}","templated":true}]}}