{"id":293093,"date":"2016-10-11T00:05:13","date_gmt":"2016-10-11T05:05:13","guid":{"rendered":"http:\/\/www.diarioimagen.net\/?p=293093"},"modified":"2016-10-11T02:15:44","modified_gmt":"2016-10-11T07:15:44","slug":"demencial-pistolizacion","status":"publish","type":"post","link":"https:\/\/www.diarioimagen.net\/?p=293093","title":{"rendered":"Demencial pistolizaci\u00f3n"},"content":{"rendered":"<h2>Precios y desprecios<\/h2>\n<h5>Freddy S\u00e1nchez<\/h5>\n<p>&nbsp;<\/p>\n<p>Ante la incapacidad institucional para desarmar a la delincuencia, el panismo propone armar a los ciudadanos.<\/p>\n<p>Para que ejerzan su derecho a la leg\u00edtima defensa contra delincuentes que intenten robarlos, asaltarlos o matarlos.<\/p>\n<p>Una iniciativa de ley que provoc\u00f3 distintas reacciones.<\/p>\n<p>Las m\u00e1s de \u00e9stas de asombro, rechazo y condena para lo que el panismo por conducto de uno de sus legisladores dio a conocer que se promover\u00e1 en el Congreso. Los ciudadanos tienen el derecho a defenderse para no ser agredidos impunemente.<\/p>\n<p>Una tesis que bien podr\u00eda justificarse sin ninguna objeci\u00f3n.<\/p>\n<p>Porque de que muera un delincuente a que pierda la vida cualquier v\u00edctima de delito, l\u00f3gicamente da lugar a estar de acuerdo.<\/p>\n<p>Por desgracia, es poco probable que los ciudadanos pac\u00edficos y honorables puedan adquirir las habilidades necesarias para hacer un uso cuidadoso de las armas a su f\u00e1cil disposici\u00f3n, sin que esto represente un peligro para s\u00ed mismos, su familia y en entorno en que viven o trabajan.<\/p>\n<p>Por lo dem\u00e1s, la proliferaci\u00f3n de armamento familiar seguramente propiciar\u00eda un incremento en la violencia entre j\u00f3venes y adultos poco considerados en su trato con los dem\u00e1s, lo que ser\u00eda m\u00e1s grave teniendo acceso libre a un arma de fuego.<\/p>\n<p>Baste decir al respecto que en los Estados Unidos, las facilidades a los particulares para armarse, recurrentemente han ocasionado grandes tragedias por el uso criminal de armas entre personas con inestabilidad emocional. Algo que en M\u00e9xico suele ser com\u00fan por la vida agitada y convulsa que afronta la mayor\u00eda de los habitantes citadinos.<\/p>\n<p>As\u00ed que eso que un sector del panismo se ha dado en considerar la soluci\u00f3n contra la indefensi\u00f3n ciudadana ante la delincuencia (legalizando el uso colectivo de las armas), francamente se antoja una aberraci\u00f3n.<\/p>\n<p>La cura podr\u00eda resultar peor que la enfermedad de llegar a aprobarse una ley que permita a todo ciudadano, armarse hasta los dientes.<\/p>\n<p>Algo que se traducir\u00eda en un gran negocio privado; sin que ello, obviamente, signifique poder dar garant\u00eda alguna de una efectiva reducci\u00f3n de los \u00edndices delictivos, bajo el iluso supuesto de que los delincuentes tendr\u00edan temor de enfrentar a ciudadanos armados.<\/p>\n<p>Y es que los propios delincuentes podr\u00edan armarse m\u00e1s y mejor para la comisi\u00f3n de sus delitos.<\/p>\n<p>En ese tenor huelga decir que los mejor armados y m\u00e1s adecuadamente capacitados para el cumplimiento de su deber tienen que ser los responsables de la seguridad.<\/p>\n<p>Cuerpos policiacos debidamente tecnificados, a la m\u00e1s alta escuela para enfrentar los retos de las delincuencia moderna, disponiendo del armamento que realmente sirva a los fines de combatir a criminales\u00a0 con armas de gran potencial mort\u00edfero, independientemente de la adopci\u00f3n de esquemas eficaces contra la corrupci\u00f3n, es lo que en verdad hace falta para salvaguardar la vida y las haciendas de los ciudadanos. Y sobre todo para dejar de lado el intento absurdo de una demencial pistolizaci\u00f3n.<\/p>\n<p><em><a href=\"mailto:serviciospremier_vip@hotmail.com\" target=\"_blank\">serviciospremier_vip@hotmail.com<\/a><\/em><\/p>\n","protected":false},"excerpt":{"rendered":"<p><span style=\"color: #005497;\"><strong>Freddy S\u00e1nchez<\/strong><\/span><\/p>\n","protected":false},"author":3,"featured_media":0,"comment_status":"open","ping_status":"open","sticky":false,"template":"","format":"standard","meta":{"_monsterinsights_skip_tracking":false,"_monsterinsights_sitenote_active":false,"_monsterinsights_sitenote_note":"","_monsterinsights_sitenote_category":0,"footnotes":""},"categories":[22959],"tags":[43710,43674,22960],"class_list":["post-293093","post","type-post","status-publish","format-standard","hentry","category-freddy-sanchez","tag-freddy-sanchez","tag-opinion","tag-precios-y-desprecios"],"_links":{"self":[{"href":"https:\/\/www.diarioimagen.net\/index.php?rest_route=\/wp\/v2\/posts\/293093","targetHints":{"allow":["GET"]}}],"collection":[{"href":"https:\/\/www.diarioimagen.net\/index.php?rest_route=\/wp\/v2\/posts"}],"about":[{"href":"https:\/\/www.diarioimagen.net\/index.php?rest_route=\/wp\/v2\/types\/post"}],"author":[{"embeddable":true,"href":"https:\/\/www.diarioimagen.net\/index.php?rest_route=\/wp\/v2\/users\/3"}],"replies":[{"embeddable":true,"href":"https:\/\/www.diarioimagen.net\/index.php?rest_route=%2Fwp%2Fv2%2Fcomments&post=293093"}],"version-history":[{"count":0,"href":"https:\/\/www.diarioimagen.net\/index.php?rest_route=\/wp\/v2\/posts\/293093\/revisions"}],"wp:attachment":[{"href":"https:\/\/www.diarioimagen.net\/index.php?rest_route=%2Fwp%2Fv2%2Fmedia&parent=293093"}],"wp:term":[{"taxonomy":"category","embeddable":true,"href":"https:\/\/www.diarioimagen.net\/index.php?rest_route=%2Fwp%2Fv2%2Fcategories&post=293093"},{"taxonomy":"post_tag","embeddable":true,"href":"https:\/\/www.diarioimagen.net\/index.php?rest_route=%2Fwp%2Fv2%2Ftags&post=293093"}],"curies":[{"name":"wp","href":"https:\/\/api.w.org\/{rel}","templated":true}]}}