{"id":293184,"date":"2016-10-12T00:09:25","date_gmt":"2016-10-12T05:09:25","guid":{"rendered":"http:\/\/www.diarioimagen.net\/?p=293184"},"modified":"2016-10-12T00:40:44","modified_gmt":"2016-10-12T05:40:44","slug":"captan-otro-asalto-a-un-automovilista-ahora-en-circuito-interior","status":"publish","type":"post","link":"https:\/\/www.diarioimagen.net\/?p=293184","title":{"rendered":"Operan en la impunidad asaltantes de conductores"},"content":{"rendered":"<ul>\n<li><strong><em>Es el tercer atraco grabado en las \u00faltimas dos semanas<\/em><\/strong><\/li>\n<\/ul>\n<p>&nbsp;<\/p>\n<div id=\"attachment_293185\" style=\"width: 470px\" class=\"wp-caption aligncenter\"><a href=\"http:\/\/www.diarioimagen.net\/?attachment_id=293185\" rel=\"attachment wp-att-293185\"><img loading=\"lazy\" decoding=\"async\" aria-describedby=\"caption-attachment-293185\" class=\"wp-image-293185 size-large\" src=\"http:\/\/www.diarioimagen.net\/wp-content\/uploads\/2016\/10\/ASALTO12-porral-460x268.jpg\" alt=\"Un usuario de Twitter denunci\u00f3 a un sujeto asaltando a un automovilista, ahora en Circuito Interior, a la altura del Metro Juanacatl\u00e1n.\" width=\"460\" height=\"268\" srcset=\"https:\/\/www.diarioimagen.net\/wp-content\/uploads\/2016\/10\/ASALTO12-porral-460x268.jpg 460w, https:\/\/www.diarioimagen.net\/wp-content\/uploads\/2016\/10\/ASALTO12-porral-240x140.jpg 240w, https:\/\/www.diarioimagen.net\/wp-content\/uploads\/2016\/10\/ASALTO12-porral.jpg 480w\" sizes=\"auto, (max-width: 460px) 100vw, 460px\" \/><\/a><p id=\"caption-attachment-293185\" class=\"wp-caption-text\">Un usuario de Twitter denunci\u00f3 a un sujeto asaltando a un automovilista, ahora en Circuito Interior, a la altura del Metro Juanacatl\u00e1n.<\/p><\/div>\n<p>&nbsp;<\/p>\n<p>Contin\u00faan los asaltos contra automovilistas varados en congestionamientos en la Ciudad de M\u00e9xico. Ahora, por tercera vez en las \u00faltimas dos semanas, un delincuente fue fotografiado cuando despojaba a un conductor en Circuito Interior.<\/p>\n<p>El atraco fue difundido en Twitter, cuando el conductor de una camioneta Audi fue interceptado en esta v\u00eda a la altura del Metro Juanacatl\u00e1n. Seg\u00fan el denunciante, fueron dos sujetos quienes se aproximaron al conductor y abrieron las puertas de la camioneta para despojar de sus pertenencias al automovilista.<\/p>\n<p>Ambos delincuentes vest\u00edan ropa oscura y portaban gorras, despu\u00e9s del atraco corrieron por calles de la colonia San Miguel Chapultepec para perderse de vista.<\/p>\n<p>El asalto ocurri\u00f3 en los carriles que van de norte a sur, alrededor de las 8:00 horas, momento en que el tr\u00e1fico en la zona es muy pesado.<\/p>\n<p>Otro asalto similar ocurri\u00f3 el pasado 26 de septiembre, cuando dos hombres cometieron dos asaltos a conductores que permanec\u00edan varados en los carriles laterales de Perif\u00e9rico, casi al cruce con Paseo de la Reforma, en la Fuente de Petr\u00f3leos.<\/p>\n<p>El 5 de octubre un automovilista que circulaba sobre Anillo Perif\u00e9rico, a la altura de la avenida Toluca capt\u00f3 el momento en el que el conductor una camioneta BMW era asaltado, en la esquina de Perif\u00e9rico y la Calle Aguascalientes, en \u00c1lvaro Obreg\u00f3n.<\/p>\n<p>&nbsp;<\/p>\n<p><strong>A\u00f1os asaltando <\/strong><\/p>\n<p><strong>en la impunidad<\/strong><\/p>\n<p>Los registros de asaltos en el Perif\u00e9rico datan de hace 10 a\u00f1os, los delinciuentes tienen su guarida en las colonias Daniel Garza, Las Am\u00e9ricas, Tacubaya y Observatorio.<\/p>\n<p>Dichas zonas forman parte de la Coordinaci\u00f3n Territorial Miguel Hidalgo Cinco, considerada entre las m\u00e1s conflictivas de la Ciudad de M\u00e9xico.<\/p>\n<p>El a\u00f1o pasado se denunciaron ah\u00ed 418 delitos de alto impacto y mil 928 de bajo impacto.<\/p>\n<p>Y, aunque la Polic\u00eda ha anunciado operativos tanto temporales como permanentes, lo \u00fanico cierto es que los asaltos contin\u00faan.<\/p>\n<p>Seg\u00fan cifras de la Procuradur\u00eda capitalina, en 2015 se denunciaron mil 227 asaltos a conductores en toda la ciudad, aunque la cifra negra se estima en m\u00e1s de 90 por ciento.<\/p>\n<p>Es decir, podr\u00edan ser m\u00e1s de 11 mil robos: 30 cada d\u00eda.<\/p>\n<p>Mandos de la Polic\u00eda de Investigaci\u00f3n comentaron que, desde hace una d\u00e9cada, ese tipo de robo es constante en el poniente de la capital.<\/p>\n<p>En un principio se les conoc\u00eda como cristaleros; lanzaban objetos, principalmente buj\u00edas, a las ventanillas y aprovechaban la confusi\u00f3n para robar objetos de los autos.<\/p>\n<p>\u201cEn colonias como Daniel Garza y Las Am\u00e9rica, desde hace a\u00f1os operan estos ladrones de conductores.<\/p>\n<p>\u201cSon muy j\u00f3venes, provienen de familias de esa zona que tienen pocos oportunidades y han aprendido a cometer esos delitos, pero no son las grandes bandas, sino ladrones de ocasi\u00f3n\u201d, dijo Miguel Amelio G\u00f3mez, experto en temas de seguridad.<\/p>\n<p>El jefe de gobierno capitalino, Miguel \u00c1ngel Mancera Espinosa, ha calificado los asaltos de las \u00faltimas semanas como un \u201cefecto cucaracha\u201d, es decir, el desplazamiento de los delincuentes ante operativos en otras zonas, donde se realizan operativos.<\/p>\n","protected":false},"excerpt":{"rendered":"<p>Contin\u00faan los asaltos contra automovilistas varados en congestionamientos en la Ciudad de M\u00e9xico. Ahora, por tercera vez en las \u00faltimas dos semanas, un delincuente fue fotografiado cuando despojaba a un conductor en Circuito Interior.<\/p>\n","protected":false},"author":5,"featured_media":293185,"comment_status":"open","ping_status":"open","sticky":false,"template":"","format":"standard","meta":{"_monsterinsights_skip_tracking":false,"_monsterinsights_sitenote_active":false,"_monsterinsights_sitenote_note":"","_monsterinsights_sitenote_category":0,"footnotes":""},"categories":[6],"tags":[13486,3114,204],"class_list":["post-293184","post","type-post","status-publish","format-standard","has-post-thumbnail","hentry","category-cd-de-mexico","tag-asalto","tag-circuito-interior","tag-ciudad-de-mexico"],"_links":{"self":[{"href":"https:\/\/www.diarioimagen.net\/index.php?rest_route=\/wp\/v2\/posts\/293184","targetHints":{"allow":["GET"]}}],"collection":[{"href":"https:\/\/www.diarioimagen.net\/index.php?rest_route=\/wp\/v2\/posts"}],"about":[{"href":"https:\/\/www.diarioimagen.net\/index.php?rest_route=\/wp\/v2\/types\/post"}],"author":[{"embeddable":true,"href":"https:\/\/www.diarioimagen.net\/index.php?rest_route=\/wp\/v2\/users\/5"}],"replies":[{"embeddable":true,"href":"https:\/\/www.diarioimagen.net\/index.php?rest_route=%2Fwp%2Fv2%2Fcomments&post=293184"}],"version-history":[{"count":0,"href":"https:\/\/www.diarioimagen.net\/index.php?rest_route=\/wp\/v2\/posts\/293184\/revisions"}],"wp:featuredmedia":[{"embeddable":true,"href":"https:\/\/www.diarioimagen.net\/index.php?rest_route=\/wp\/v2\/media\/293185"}],"wp:attachment":[{"href":"https:\/\/www.diarioimagen.net\/index.php?rest_route=%2Fwp%2Fv2%2Fmedia&parent=293184"}],"wp:term":[{"taxonomy":"category","embeddable":true,"href":"https:\/\/www.diarioimagen.net\/index.php?rest_route=%2Fwp%2Fv2%2Fcategories&post=293184"},{"taxonomy":"post_tag","embeddable":true,"href":"https:\/\/www.diarioimagen.net\/index.php?rest_route=%2Fwp%2Fv2%2Ftags&post=293184"}],"curies":[{"name":"wp","href":"https:\/\/api.w.org\/{rel}","templated":true}]}}