{"id":293191,"date":"2016-10-12T00:08:17","date_gmt":"2016-10-12T05:08:17","guid":{"rendered":"http:\/\/www.diarioimagen.net\/?p=293191"},"modified":"2016-10-13T00:27:38","modified_gmt":"2016-10-13T05:27:38","slug":"se-integran-mas-de-3-mil-elementos-federales-a-vigilancia-en-8-municipios-del-edomex","status":"publish","type":"post","link":"https:\/\/www.diarioimagen.net\/?p=293191","title":{"rendered":"Refuerzan vigilancia en ocho municipios m\u00e1s conflictivos"},"content":{"rendered":"<ul>\n<li><strong><em>Rinde protesta la tercera generaci\u00f3n de la Fuerza Especial de Seguridad<\/em><\/strong><\/li>\n<\/ul>\n<h6>Jos\u00e9 Luis Monta\u00f1ez<\/h6>\n<p>&nbsp;<\/p>\n<div id=\"attachment_293192\" style=\"width: 470px\" class=\"wp-caption aligncenter\"><a href=\"http:\/\/www.diarioimagen.net\/?attachment_id=293192\" rel=\"attachment wp-att-293192\"><img loading=\"lazy\" decoding=\"async\" aria-describedby=\"caption-attachment-293192\" class=\"size-large wp-image-293192\" src=\"http:\/\/www.diarioimagen.net\/wp-content\/uploads\/2016\/10\/ERUVIEL-12-portal-460x268.jpg\" alt=\"Durante el evento Unidos por la Seguridad de los Mexiquenses, rindieron protesta 289 elementos de la tercera generaci\u00f3n de la Fuerza Especial de Seguridad.\" width=\"460\" height=\"268\" srcset=\"https:\/\/www.diarioimagen.net\/wp-content\/uploads\/2016\/10\/ERUVIEL-12-portal-460x268.jpg 460w, https:\/\/www.diarioimagen.net\/wp-content\/uploads\/2016\/10\/ERUVIEL-12-portal-240x140.jpg 240w, https:\/\/www.diarioimagen.net\/wp-content\/uploads\/2016\/10\/ERUVIEL-12-portal.jpg 480w\" sizes=\"auto, (max-width: 460px) 100vw, 460px\" \/><\/a><p id=\"caption-attachment-293192\" class=\"wp-caption-text\">Durante el evento Unidos por la Seguridad de los Mexiquenses, rindieron protesta 289 elementos de la tercera generaci\u00f3n de la Fuerza Especial de Seguridad.<\/p><\/div>\n<p>&nbsp;<\/p>\n<p><strong>Tlalnepantla, Estado de M\u00e9xico<\/strong>.- El secretario de Gobernaci\u00f3n, Miguel \u00c1ngel Osorio Chong, y el gobernador Eruviel \u00c1vila, atestiguaron la incorporaci\u00f3n de 3 mil elementos del Ej\u00e9rcito Mexicano, la Marina y la Polic\u00eda Federal a las labores de vigilancia a los 8 municipios con m\u00e1s altos \u00edndices de delitos de alto impacto; con esta fuerza, las Bases de Operaci\u00f3n Mixta (BOM), que en la entidad llegan a 62 para tener mexiquenses mejor protegidos.<\/p>\n<p>\u201cNuevamente, se\u00f1or gobernador, tenga la seguridad que por instrucci\u00f3n del presidente Enrique Pe\u00f1a Nieto, seguiremos dando todo el respaldo y todo el apoyo al esfuerzo que est\u00e1 realizando este gobierno, que est\u00e1n haciendo las cosas bien, que est\u00e1n invirtiendo donde se debe de invertir, en el restablecimiento del tejido social, en tecnolog\u00eda, en los usos de las inteligencias de las fuerzas de seguridad, para restablecer la tranquilidad y la paz en el Estado de M\u00e9xico. Cuente usted, cuenten las y los mexiquenses, con todo el apoyo del gobierno de la Rep\u00fablica\u201d, afirm\u00f3 el secretario de Gobernaci\u00f3n.<\/p>\n<p>Durante el evento Unidos por la Seguridad de los Mexiquenses, en el que rindieron protesta 289 elementos de la tercera generaci\u00f3n de la Fuerza Especial de Seguridad (FES), Miguel \u00c1ngel Osorio exhort\u00f3, en nombre del Presidente de la Rep\u00fablica, a los militares, marinos y polic\u00edas federales que se suman a la vigilancia en los municipios de Tlalnepantla, Naucalpan, Tultitl\u00e1n, Chimalhuac\u00e1n, Ecatepec, Nezahualc\u00f3yotl, Tec\u00e1mac y Valle de Chalco, a conducirse con compromiso, determinaci\u00f3n y respeto absoluto a la ley, sumados a las corporaciones locales, para redoblar el trabajo que realiza el gobierno del Estado de M\u00e9xico.<\/p>\n<p>\u201cQue se escuche bien y se escuche fuerte: el gobierno de la Rep\u00fablica seguir\u00e1 trabajando junto con el gobernador y las fuerzas locales, en favor de las y los mexiquenses, porque ante el delito no hay ni habr\u00e1 tregua\u201d, manifest\u00f3.<\/p>\n<p>Por su parte, el gobernador Eruviel \u00c1vila agradeci\u00f3 el apoyo que el gobierno federal brinda permanentemente al Estado de M\u00e9xico en materia de seguridad, para la protecci\u00f3n y la paz que merecen los mexiquenses, y destac\u00f3 que como parte de la estrategia integral de seguridad dise\u00f1ada por los tres \u00f3rdenes de gobierno en la entidad, se cuenta con 10 mil c\u00e1maras de videovigilancia, que se coordinan a trav\u00e9s de dos C5, que conforman el sistema de monitoreo m\u00e1s moderno del pa\u00eds.<\/p>\n<p>\u201cEn nombre de las familias mexiquenses, les damos la m\u00e1s cordial bienvenida, pero, sobre todo, les agradecemos que van a apoyarnos para darnos paz, para darnos tranquilidad, para darle a la gente bienestar como se lo merece. As\u00ed es que \u00e9sta es su casa, y ver\u00e1n que los mexiquenses sabremos corresponderles con afecto, con respeto, con gratitud a su entrega, a su valent\u00eda\u201d, dijo el gobernador.<\/p>\n<p>Eruviel \u00c1vila dijo que su administraci\u00f3n le est\u00e1 apostando a las tecnolog\u00edas de la informaci\u00f3n para combatir a quienes son los verdaderos enemigos de la sociedad que son los delincuentes, y tambi\u00e9n se invierte en una mejor preparaci\u00f3n, formaci\u00f3n y depuraci\u00f3n de los cuerpos policiacos, y el reconocimiento de los buenos elementos.<\/p>\n<p>En este sentido destac\u00f3 la toma de protesta a la tercera generaci\u00f3n de 289 integrantes de la Fuerza Estatal de Seguridad (FES), con lo que suman ya 833 elementos de este agrupamiento especializado que cuenta con estudios universitarios y un salario mensual de 15 mil pesos.<\/p>\n<p>Reiter\u00f3 al secretario de Gobernaci\u00f3n el compromiso de seguir asumiendo la responsabilidad de combatir la inseguridad desde la prevenci\u00f3n, recuperando espacios p\u00fablicos y apost\u00e1ndole a la educaci\u00f3n.<\/p>\n<p>En el evento, al que acudieron los presidentes municipales de Nezahualc\u00f3yotl, Tlalnepantla y Tultitl\u00e1n, tambi\u00e9n se entregaron diplomas al m\u00e9rito policial y un cheque por 20 mil pesos a cuatro polic\u00edas destacados y comprometidos con la seguridad de la sociedad.<\/p>\n<p>&nbsp;<\/p>\n<p>PATA<\/p>\n<p>&nbsp;<\/p>\n<p><strong>\u00a0<\/strong><\/p>\n<p><strong>\u00a0<\/strong><\/p>\n<p><strong>El gobernador Eruviel \u00c1vila <\/strong>agradeci\u00f3 el apoyo que el gobierno federal brinda permanentemente al Estado de M\u00e9xico en materia de seguridad.<\/p>\n<p>&nbsp;<\/p>\n<p>&nbsp;<\/p>\n","protected":false},"excerpt":{"rendered":"<p><span style=\"color: #005497;\">Jos\u00e9 Luis Monta\u00f1ez<\/span><br \/>\n<br \/>\nEl secretario de Gobernaci\u00f3n, Miguel \u00c1ngel Osorio Chong, y el gobernador Eruviel \u00c1vila, atestiguaron la incorporaci\u00f3n de 3 mil elementos del Ej\u00e9rcito Mexicano, la Marina y la Polic\u00eda Federal a las labores de vigilancia a los 8 municipios con m\u00e1s altos \u00edndices de delitos de alto impacto; con esta fuerza, las Bases de Operaci\u00f3n Mixta (BOM), que en la entidad llegan a 62 para tener mexiquenses mejor protegidos.<\/p>\n","protected":false},"author":5,"featured_media":293192,"comment_status":"open","ping_status":"open","sticky":false,"template":"","format":"standard","meta":{"_monsterinsights_skip_tracking":false,"_monsterinsights_sitenote_active":false,"_monsterinsights_sitenote_note":"","_monsterinsights_sitenote_category":0,"footnotes":""},"categories":[5],"tags":[3573,5828,43675,3676,169],"class_list":["post-293191","post","type-post","status-publish","format-standard","has-post-thumbnail","hentry","category-estado-de-mexico","tag-ejercito-mexicano","tag-eruviel-avila-villegas","tag-estado-de-mexico","tag-miguel-angel-osorio-chong","tag-tlalnepantla"],"_links":{"self":[{"href":"https:\/\/www.diarioimagen.net\/index.php?rest_route=\/wp\/v2\/posts\/293191","targetHints":{"allow":["GET"]}}],"collection":[{"href":"https:\/\/www.diarioimagen.net\/index.php?rest_route=\/wp\/v2\/posts"}],"about":[{"href":"https:\/\/www.diarioimagen.net\/index.php?rest_route=\/wp\/v2\/types\/post"}],"author":[{"embeddable":true,"href":"https:\/\/www.diarioimagen.net\/index.php?rest_route=\/wp\/v2\/users\/5"}],"replies":[{"embeddable":true,"href":"https:\/\/www.diarioimagen.net\/index.php?rest_route=%2Fwp%2Fv2%2Fcomments&post=293191"}],"version-history":[{"count":0,"href":"https:\/\/www.diarioimagen.net\/index.php?rest_route=\/wp\/v2\/posts\/293191\/revisions"}],"wp:featuredmedia":[{"embeddable":true,"href":"https:\/\/www.diarioimagen.net\/index.php?rest_route=\/wp\/v2\/media\/293192"}],"wp:attachment":[{"href":"https:\/\/www.diarioimagen.net\/index.php?rest_route=%2Fwp%2Fv2%2Fmedia&parent=293191"}],"wp:term":[{"taxonomy":"category","embeddable":true,"href":"https:\/\/www.diarioimagen.net\/index.php?rest_route=%2Fwp%2Fv2%2Fcategories&post=293191"},{"taxonomy":"post_tag","embeddable":true,"href":"https:\/\/www.diarioimagen.net\/index.php?rest_route=%2Fwp%2Fv2%2Ftags&post=293191"}],"curies":[{"name":"wp","href":"https:\/\/api.w.org\/{rel}","templated":true}]}}