{"id":293244,"date":"2016-10-12T00:09:49","date_gmt":"2016-10-12T05:09:49","guid":{"rendered":"http:\/\/www.diarioimagen.net\/?p=293244"},"modified":"2016-10-12T03:16:16","modified_gmt":"2016-10-12T08:16:16","slug":"anuncia-mancera-inversion-de-2-mil-mdp-para-el-metro","status":"publish","type":"post","link":"https:\/\/www.diarioimagen.net\/?p=293244","title":{"rendered":"Anuncia Mancera inversi\u00f3n de 2 mil mdp para el Metro"},"content":{"rendered":"<ul>\n<li><strong><em>Rehabilitaci\u00f3n de Trenes de L\u00ednea 2 del STC<\/em><\/strong><\/li>\n<\/ul>\n<p>&nbsp;<\/p>\n<div id=\"attachment_293334\" style=\"width: 470px\" class=\"wp-caption aligncenter\"><a href=\"http:\/\/www.diarioimagen.net\/?attachment_id=293334\" rel=\"attachment wp-att-293334\"><img loading=\"lazy\" decoding=\"async\" aria-describedby=\"caption-attachment-293334\" class=\"size-large wp-image-293334\" src=\"http:\/\/www.diarioimagen.net\/wp-content\/uploads\/2016\/10\/mancera-2973-460x306.jpg\" alt=\"Miguel \u00c1ngel Mancera dio el banderazo de salida a cinco trenes rehabilitados para las l\u00edneas 3, 6 y 7.\" width=\"460\" height=\"306\" srcset=\"https:\/\/www.diarioimagen.net\/wp-content\/uploads\/2016\/10\/mancera-2973-460x306.jpg 460w, https:\/\/www.diarioimagen.net\/wp-content\/uploads\/2016\/10\/mancera-2973-240x160.jpg 240w, https:\/\/www.diarioimagen.net\/wp-content\/uploads\/2016\/10\/mancera-2973.jpg 700w\" sizes=\"auto, (max-width: 460px) 100vw, 460px\" \/><\/a><p id=\"caption-attachment-293334\" class=\"wp-caption-text\">Miguel \u00c1ngel Mancera dio el banderazo de salida a cinco trenes rehabilitados para las l\u00edneas 3, 6 y 7.<\/p><\/div>\n<p>&nbsp;<\/p>\n<p>El Sistema de Transporte Colectivo (STC) contin\u00faa renov\u00e1ndose con una inversi\u00f3n de alrededor de 2 mil millones de pesos para rehabilitar y dar mantenimiento a 42 trenes de la L\u00ednea 2, anunci\u00f3 el jefe de gobierno de la Ciudad de M\u00e9xico, Miguel \u00c1ngel Mancera Espinosa.<\/p>\n<p>\u201cEstamos haciendo una inversi\u00f3n de m\u00e1s de 2 mil millones de pesos, para poder dejar esta L\u00ednea (2) perfectamente funcional\u201d, dijo.<\/p>\n<p>Dentro de los trabajos de mantenimiento para los m\u00e1s de 40 trenes, se realizar\u00e1n estudios de ingenier\u00eda, intervenci\u00f3n a los equipos, pruebas est\u00e1ticas y din\u00e1micas, capacitaci\u00f3n en el mantenimiento de los equipos, suministro e instalaci\u00f3n de los repuestos y equipos faltantes en los trenes detenidos por falta de refacciones, entre otras acciones.<\/p>\n<p>Al dar el banderazo de salida a cinco trenes rehabilitados para las l\u00edneas 3, 6 y 7, asegur\u00f3 que los capitalinos pueden sentirse seguros de que el cobro por el servicio, es para el propio Metro.<\/p>\n<p>De igual forma, reiter\u00f3 el llamado al gobierno federal a no descuidar en lo econ\u00f3mico al Metro capitalino que \u2013dijo\u2013, atiende a m\u00e1s de dos millones de personas que no son de la Ciudad de M\u00e9xico.<\/p>\n<p>El Metro de la Ciudad de M\u00e9xico no hace distinci\u00f3n en su uso. \u201cNosotros no estamos distinguiendo, nada m\u00e1s habr\u00eda que darse una vuelta a la estaci\u00f3n de Pantitl\u00e1n para que se vea la cantidad de personas que del Estado de M\u00e9xico llegan para ac\u00e1. Es el 40 por ciento, m\u00e1s de 2 millones de personas se atienden todos los d\u00edas\u201d, explic\u00f3.<\/p>\n<p>\u201cNo es posible que se deje al Metro con cero recursos, es una verdadera aberraci\u00f3n que se haga esto\u201d Dejaron en ceros todo lo que tiene que ver con la ampliaci\u00f3n de la L\u00ednea 12, la L\u00ednea A y la L\u00ednea 9.<\/p>\n<p>&nbsp;<\/p>\n","protected":false},"excerpt":{"rendered":"<p>El Sistema de Transporte Colectivo (STC) contin\u00faa renov\u00e1ndose con una inversi\u00f3n de alrededor de 2 mil millones de pesos para rehabilitar y dar mantenimiento a 42 trenes de la L\u00ednea 2, anunci\u00f3 el jefe de gobierno de la Ciudad de M\u00e9xico, Miguel \u00c1ngel Mancera Espinosa.<\/p>\n","protected":false},"author":3,"featured_media":293334,"comment_status":"open","ping_status":"open","sticky":false,"template":"","format":"standard","meta":{"_monsterinsights_skip_tracking":false,"_monsterinsights_sitenote_active":false,"_monsterinsights_sitenote_note":"","_monsterinsights_sitenote_category":0,"footnotes":""},"categories":[6],"tags":[15268,5247,163,5314,1889,4658],"class_list":["post-293244","post","type-post","status-publish","format-standard","has-post-thumbnail","hentry","category-cd-de-mexico","tag-impunidad","tag-inversion","tag-metro","tag-miguel-angel-mancera-espinosa","tag-sistema-de-transporte-colectivo","tag-stc"],"_links":{"self":[{"href":"https:\/\/www.diarioimagen.net\/index.php?rest_route=\/wp\/v2\/posts\/293244","targetHints":{"allow":["GET"]}}],"collection":[{"href":"https:\/\/www.diarioimagen.net\/index.php?rest_route=\/wp\/v2\/posts"}],"about":[{"href":"https:\/\/www.diarioimagen.net\/index.php?rest_route=\/wp\/v2\/types\/post"}],"author":[{"embeddable":true,"href":"https:\/\/www.diarioimagen.net\/index.php?rest_route=\/wp\/v2\/users\/3"}],"replies":[{"embeddable":true,"href":"https:\/\/www.diarioimagen.net\/index.php?rest_route=%2Fwp%2Fv2%2Fcomments&post=293244"}],"version-history":[{"count":0,"href":"https:\/\/www.diarioimagen.net\/index.php?rest_route=\/wp\/v2\/posts\/293244\/revisions"}],"wp:featuredmedia":[{"embeddable":true,"href":"https:\/\/www.diarioimagen.net\/index.php?rest_route=\/wp\/v2\/media\/293334"}],"wp:attachment":[{"href":"https:\/\/www.diarioimagen.net\/index.php?rest_route=%2Fwp%2Fv2%2Fmedia&parent=293244"}],"wp:term":[{"taxonomy":"category","embeddable":true,"href":"https:\/\/www.diarioimagen.net\/index.php?rest_route=%2Fwp%2Fv2%2Fcategories&post=293244"},{"taxonomy":"post_tag","embeddable":true,"href":"https:\/\/www.diarioimagen.net\/index.php?rest_route=%2Fwp%2Fv2%2Ftags&post=293244"}],"curies":[{"name":"wp","href":"https:\/\/api.w.org\/{rel}","templated":true}]}}