{"id":293266,"date":"2016-10-12T00:07:09","date_gmt":"2016-10-12T05:07:09","guid":{"rendered":"http:\/\/www.diarioimagen.net\/?p=293266"},"modified":"2016-10-12T03:20:50","modified_gmt":"2016-10-12T08:20:50","slug":"promete-quimera-otra-jornada-espectacular-este-jueves-en-metepec","status":"publish","type":"post","link":"https:\/\/www.diarioimagen.net\/?p=293266","title":{"rendered":"Promete \u201cQuimera\u201d otra jornada espectacular este jueves en Metepec"},"content":{"rendered":"<ul>\n<li><strong><em>Actividades literarias para chicos y grandes<\/em><\/strong><\/li>\n<\/ul>\n<p>&nbsp;<\/p>\n<div id=\"attachment_293340\" style=\"width: 470px\" class=\"wp-caption aligncenter\"><a href=\"http:\/\/www.diarioimagen.net\/?attachment_id=293340\" rel=\"attachment wp-att-293340\"><img loading=\"lazy\" decoding=\"async\" aria-describedby=\"caption-attachment-293340\" class=\"size-large wp-image-293340\" src=\"http:\/\/www.diarioimagen.net\/wp-content\/uploads\/2016\/10\/METEPEC-2973-460x259.jpg\" alt=\"En Metepec se tendr\u00e1n actividades literarias para chicos y grandes, m\u00fasica de diversos g\u00e9neros, ballet y concierto de Ely Guerra para cerrar la noche.\" width=\"460\" height=\"259\" srcset=\"https:\/\/www.diarioimagen.net\/wp-content\/uploads\/2016\/10\/METEPEC-2973-460x259.jpg 460w, https:\/\/www.diarioimagen.net\/wp-content\/uploads\/2016\/10\/METEPEC-2973-240x135.jpg 240w, https:\/\/www.diarioimagen.net\/wp-content\/uploads\/2016\/10\/METEPEC-2973-235x132.jpg 235w, https:\/\/www.diarioimagen.net\/wp-content\/uploads\/2016\/10\/METEPEC-2973-202x114.jpg 202w, https:\/\/www.diarioimagen.net\/wp-content\/uploads\/2016\/10\/METEPEC-2973-350x196.jpg 350w, https:\/\/www.diarioimagen.net\/wp-content\/uploads\/2016\/10\/METEPEC-2973-220x123.jpg 220w, https:\/\/www.diarioimagen.net\/wp-content\/uploads\/2016\/10\/METEPEC-2973-237x132.jpg 237w, https:\/\/www.diarioimagen.net\/wp-content\/uploads\/2016\/10\/METEPEC-2973.jpg 480w\" sizes=\"auto, (max-width: 460px) 100vw, 460px\" \/><\/a><p id=\"caption-attachment-293340\" class=\"wp-caption-text\">En Metepec se tendr\u00e1n actividades literarias para chicos y grandes, m\u00fasica de diversos g\u00e9neros, ballet y concierto de Ely Guerra para cerrar la noche.<\/p><\/div>\n<p>&nbsp;<\/p>\n<p><strong>Metepec, Estado de M\u00e9xico<\/strong>.- El Festival Internacional de Arte y Cultura Quimera 2016, cumple el compromiso de llevar actividades de primera calidad a todos los foros, para muestra, algunas de las actividades que se realizar\u00e1n el pr\u00f3ximo jueves 13 de octubre, son de gran inter\u00e9s.<\/p>\n<p>Comenzando por la muestra literaria, en la que tomar\u00e1 parte la maestra Blanca Ansolega, que presentar\u00e1 Contigo Mar, a las 11:00 horas en la Casa de Cultura Margarita Garc\u00eda Luna; simult\u00e1neamente el Ciclo de Narradores Orales, con la presencia de la reconocida cuentacuentos Gabriela Ortiz \u201cGuita\u201d, quien deleitar\u00e1 a los peques en el Auditorio del Museo del Barro; Lorenzo Orihuela har\u00e1 lo propio cuando presente Aprendamos n\u00e1huatl, en la Casa de Cultura Carlos Olvera Avelar a las 16:00 horas, mientras que Emmanuel S\u00e1nchez L\u00f3pez impartir\u00e1 la conferencia \u201cHidalgo en Toluca\u201d en el Centro Cultural \u201cEl Diezmo\u201d\u00a0 a las 17:00 horas.<\/p>\n<p>La danza tambi\u00e9n tendr\u00e1 estar\u00e1 en esta jornada, presentando al elenco art\u00edstico de la UAEM, \u201cAntares\u201d en la Casa de Cultura Enrique B\u00e1tiz Campbell, a las 16:00 horas; m\u00e1s tarde, la Secretar\u00eda de Cultura del Estado de M\u00e9xico deleitar\u00e1 con su grupo de Ballet Contempor\u00e1neo en el Mercado Artesanal en punto de las 18:00 horas.<\/p>\n<p>&nbsp;<\/p>\n","protected":false},"excerpt":{"rendered":"<p>El Festival Internacional de Arte y Cultura Quimera 2016, cumple el compromiso de llevar actividades de primera calidad a todos los foros, para muestra, algunas de las actividades que se realizar\u00e1n el pr\u00f3ximo jueves 13 de octubre, son de gran inter\u00e9s.<\/p>\n","protected":false},"author":3,"featured_media":293340,"comment_status":"open","ping_status":"open","sticky":false,"template":"","format":"standard","meta":{"_monsterinsights_skip_tracking":false,"_monsterinsights_sitenote_active":false,"_monsterinsights_sitenote_note":"","_monsterinsights_sitenote_category":0,"footnotes":""},"categories":[35155],"tags":[43675,54656,876],"class_list":["post-293266","post","type-post","status-publish","format-standard","has-post-thumbnail","hentry","category-estado-de-mexico-estado-de-mexico","tag-estado-de-mexico","tag-festival-quimera","tag-metepec"],"_links":{"self":[{"href":"https:\/\/www.diarioimagen.net\/index.php?rest_route=\/wp\/v2\/posts\/293266","targetHints":{"allow":["GET"]}}],"collection":[{"href":"https:\/\/www.diarioimagen.net\/index.php?rest_route=\/wp\/v2\/posts"}],"about":[{"href":"https:\/\/www.diarioimagen.net\/index.php?rest_route=\/wp\/v2\/types\/post"}],"author":[{"embeddable":true,"href":"https:\/\/www.diarioimagen.net\/index.php?rest_route=\/wp\/v2\/users\/3"}],"replies":[{"embeddable":true,"href":"https:\/\/www.diarioimagen.net\/index.php?rest_route=%2Fwp%2Fv2%2Fcomments&post=293266"}],"version-history":[{"count":0,"href":"https:\/\/www.diarioimagen.net\/index.php?rest_route=\/wp\/v2\/posts\/293266\/revisions"}],"wp:featuredmedia":[{"embeddable":true,"href":"https:\/\/www.diarioimagen.net\/index.php?rest_route=\/wp\/v2\/media\/293340"}],"wp:attachment":[{"href":"https:\/\/www.diarioimagen.net\/index.php?rest_route=%2Fwp%2Fv2%2Fmedia&parent=293266"}],"wp:term":[{"taxonomy":"category","embeddable":true,"href":"https:\/\/www.diarioimagen.net\/index.php?rest_route=%2Fwp%2Fv2%2Fcategories&post=293266"},{"taxonomy":"post_tag","embeddable":true,"href":"https:\/\/www.diarioimagen.net\/index.php?rest_route=%2Fwp%2Fv2%2Ftags&post=293266"}],"curies":[{"name":"wp","href":"https:\/\/api.w.org\/{rel}","templated":true}]}}