{"id":293268,"date":"2016-10-12T00:06:01","date_gmt":"2016-10-12T05:06:01","guid":{"rendered":"http:\/\/www.diarioimagen.net\/?p=293268"},"modified":"2016-10-12T03:23:46","modified_gmt":"2016-10-12T08:23:46","slug":"naucalpan-atiende-el-desempleo-con-reclutamiento-permanente","status":"publish","type":"post","link":"https:\/\/www.diarioimagen.net\/?p=293268","title":{"rendered":"Naucalpan atiende el desempleo con \u201cReclutamiento Permanente\u201d"},"content":{"rendered":"<ul>\n<li><strong><em>Participaci\u00f3n de 50 empresas<\/em><\/strong><\/li>\n<\/ul>\n<p>&nbsp;<\/p>\n<div id=\"attachment_293343\" style=\"width: 470px\" class=\"wp-caption aligncenter\"><a href=\"http:\/\/www.diarioimagen.net\/?attachment_id=293343\" rel=\"attachment wp-att-293343\"><img loading=\"lazy\" decoding=\"async\" aria-describedby=\"caption-attachment-293343\" class=\"size-large wp-image-293343\" src=\"http:\/\/www.diarioimagen.net\/wp-content\/uploads\/2016\/10\/NAUCALPAN-2973-460x307.jpg\" alt=\"El gobierno de Naucalpan implementa el programa de \u201cReclutamiento Permanente\u201d, donde participan alrededor de 50 empresas que ofertan diversas vacantes.\" width=\"460\" height=\"307\" srcset=\"https:\/\/www.diarioimagen.net\/wp-content\/uploads\/2016\/10\/NAUCALPAN-2973-460x307.jpg 460w, https:\/\/www.diarioimagen.net\/wp-content\/uploads\/2016\/10\/NAUCALPAN-2973-240x160.jpg 240w, https:\/\/www.diarioimagen.net\/wp-content\/uploads\/2016\/10\/NAUCALPAN-2973.jpg 700w\" sizes=\"auto, (max-width: 460px) 100vw, 460px\" \/><\/a><p id=\"caption-attachment-293343\" class=\"wp-caption-text\">El gobierno de Naucalpan implementa el programa de \u201cReclutamiento Permanente\u201d, donde participan alrededor de 50 empresas que ofertan diversas vacantes.<\/p><\/div>\n<p>&nbsp;<\/p>\n<p><strong>Naucalpan, Estado de M\u00e9xico<\/strong>.- El gobierno local, a trav\u00e9s de la Direcci\u00f3n General de Desarrollo y Fomento Econ\u00f3mico, implementa el programa de \u201cReclutamiento Permanente\u201d, donde participan alrededor de 50 empresas que ofertan diversas vacantes de empleo a la ciudadan\u00eda.<\/p>\n<p>El presidente municipal, Edgar Armando Olvera Higuera, inform\u00f3 que se trata de un programa incluyente, en el que el rango de edad de los buscadores de empleo va de los 19 a los 55 a\u00f1os.<\/p>\n<p>Precis\u00f3 adem\u00e1s que las personas con discapacidad han encontrado en el \u201cReclutamiento Permanente\u201d, una oportunidad para salir adelante, ya que a trav\u00e9s de este programa se contacta a empresas que tienen una pol\u00edtica incluyente para contratar personas de este sector de la poblaci\u00f3n.<\/p>\n<p>Indic\u00f3 que para aquellas personas que no son contratadas, debido a su edad, se les ofrece la opci\u00f3n de ser canalizadas al \u00e1rea de microcr\u00e9ditos, para que puedan emprender su propio negocio.<\/p>\n<p>Olvera Higuera puntualiz\u00f3 que se est\u00e1n implementando otro tipo de acciones para combatir el desempleo en el territorio municipal y ante los requisitos de algunas empresas, como el contar con la preparatoria terminada, los solicitantes son invitados a participar en un programa para concluir su bachillerato en un tiempo de 4 meses, con un costo de 125 pesos semanales, y al finalizar el curso se presenta examen \u00fanico y en caso de ser aprobado se entrega un certificado avalado por la SEP.<\/p>\n<p>Por su parte, el subdirector de Promoci\u00f3n al Empleo y PyMES, Gustavo Torres Almeida, se\u00f1al\u00f3 que el \u201cReclutamiento Permanente\u201d se realiza dos veces al mes en la explanada del edificio anexo del palacio municipal y en promedio asisten 50 empresas de diferentes rubros, las cuales ofrecen puestos como promotores, guardias de seguridad, vendedores, ayudantes, entre otros.<\/p>\n<p>&nbsp;<\/p>\n","protected":false},"excerpt":{"rendered":"<p>El gobierno local, a trav\u00e9s de la Direcci\u00f3n General de Desarrollo y Fomento Econ\u00f3mico, implementa el programa de \u201cReclutamiento Permanente\u201d, donde participan alrededor de 50 empresas que ofertan diversas vacantes de empleo a la ciudadan\u00eda.<\/p>\n","protected":false},"author":3,"featured_media":293343,"comment_status":"open","ping_status":"open","sticky":false,"template":"","format":"standard","meta":{"_monsterinsights_skip_tracking":false,"_monsterinsights_sitenote_active":false,"_monsterinsights_sitenote_note":"","_monsterinsights_sitenote_category":0,"footnotes":""},"categories":[5],"tags":[482,43675,970],"class_list":["post-293268","post","type-post","status-publish","format-standard","has-post-thumbnail","hentry","category-estado-de-mexico","tag-desempleo","tag-estado-de-mexico","tag-naucalpan"],"_links":{"self":[{"href":"https:\/\/www.diarioimagen.net\/index.php?rest_route=\/wp\/v2\/posts\/293268","targetHints":{"allow":["GET"]}}],"collection":[{"href":"https:\/\/www.diarioimagen.net\/index.php?rest_route=\/wp\/v2\/posts"}],"about":[{"href":"https:\/\/www.diarioimagen.net\/index.php?rest_route=\/wp\/v2\/types\/post"}],"author":[{"embeddable":true,"href":"https:\/\/www.diarioimagen.net\/index.php?rest_route=\/wp\/v2\/users\/3"}],"replies":[{"embeddable":true,"href":"https:\/\/www.diarioimagen.net\/index.php?rest_route=%2Fwp%2Fv2%2Fcomments&post=293268"}],"version-history":[{"count":0,"href":"https:\/\/www.diarioimagen.net\/index.php?rest_route=\/wp\/v2\/posts\/293268\/revisions"}],"wp:featuredmedia":[{"embeddable":true,"href":"https:\/\/www.diarioimagen.net\/index.php?rest_route=\/wp\/v2\/media\/293343"}],"wp:attachment":[{"href":"https:\/\/www.diarioimagen.net\/index.php?rest_route=%2Fwp%2Fv2%2Fmedia&parent=293268"}],"wp:term":[{"taxonomy":"category","embeddable":true,"href":"https:\/\/www.diarioimagen.net\/index.php?rest_route=%2Fwp%2Fv2%2Fcategories&post=293268"},{"taxonomy":"post_tag","embeddable":true,"href":"https:\/\/www.diarioimagen.net\/index.php?rest_route=%2Fwp%2Fv2%2Ftags&post=293268"}],"curies":[{"name":"wp","href":"https:\/\/api.w.org\/{rel}","templated":true}]}}