{"id":293270,"date":"2016-10-12T00:05:38","date_gmt":"2016-10-12T05:05:38","guid":{"rendered":"http:\/\/www.diarioimagen.net\/?p=293270"},"modified":"2016-10-12T03:29:57","modified_gmt":"2016-10-12T08:29:57","slug":"defensoria-de-derechos-humanos-imparte-cursos-en-cuautitlan-izcalli","status":"publish","type":"post","link":"https:\/\/www.diarioimagen.net\/?p=293270","title":{"rendered":"Defensor\u00eda de Derechos Humanos imparte cursos en Cuautitl\u00e1n Izcalli"},"content":{"rendered":"<ul>\n<li><strong><em>Atienden recomendaci\u00f3n al Instituto de Salud<\/em><\/strong><\/li>\n<\/ul>\n<p>&nbsp;<\/p>\n<div id=\"attachment_293354\" style=\"width: 470px\" class=\"wp-caption aligncenter\"><a href=\"http:\/\/www.diarioimagen.net\/?attachment_id=293354\" rel=\"attachment wp-att-293354\"><img loading=\"lazy\" decoding=\"async\" aria-describedby=\"caption-attachment-293354\" class=\"size-large wp-image-293354\" src=\"http:\/\/www.diarioimagen.net\/wp-content\/uploads\/2016\/10\/CUAUTITLAN-2973-460x259.jpg\" alt=\"Imparten cursos sobre derechos humanos a personal de cl\u00ednicas y hospitales del IMSS que se localizan en Cuautitl\u00e1n Izcalli.\" width=\"460\" height=\"259\" srcset=\"https:\/\/www.diarioimagen.net\/wp-content\/uploads\/2016\/10\/CUAUTITLAN-2973-460x259.jpg 460w, https:\/\/www.diarioimagen.net\/wp-content\/uploads\/2016\/10\/CUAUTITLAN-2973-240x135.jpg 240w, https:\/\/www.diarioimagen.net\/wp-content\/uploads\/2016\/10\/CUAUTITLAN-2973-235x132.jpg 235w, https:\/\/www.diarioimagen.net\/wp-content\/uploads\/2016\/10\/CUAUTITLAN-2973-202x114.jpg 202w, https:\/\/www.diarioimagen.net\/wp-content\/uploads\/2016\/10\/CUAUTITLAN-2973-350x196.jpg 350w, https:\/\/www.diarioimagen.net\/wp-content\/uploads\/2016\/10\/CUAUTITLAN-2973-220x123.jpg 220w, https:\/\/www.diarioimagen.net\/wp-content\/uploads\/2016\/10\/CUAUTITLAN-2973-237x132.jpg 237w, https:\/\/www.diarioimagen.net\/wp-content\/uploads\/2016\/10\/CUAUTITLAN-2973.jpg 480w\" sizes=\"auto, (max-width: 460px) 100vw, 460px\" \/><\/a><p id=\"caption-attachment-293354\" class=\"wp-caption-text\">Imparten cursos sobre derechos humanos a personal de cl\u00ednicas y hospitales del IMSS que se localizan en Cuautitl\u00e1n Izcalli.<\/p><\/div>\n<p>&nbsp;<\/p>\n<p><strong>Cuautitl\u00e1n Izcalli, Estado de M\u00e9xico<\/strong>.- La Defensor\u00eda Municipal de Derechos Humanos de esta demarcaci\u00f3n imparte los cursos \u201cDerechos Sexuales y \u00c9tica Profesional con Perspectiva de G\u00e9nero\u201d a personal de cl\u00ednicas y hospitales del IMSS que se localizan en el municipio, en atenci\u00f3n a la recomendaci\u00f3n que emiti\u00f3 la CNDH al instituto de salud.<\/p>\n<p>El pasado 15 de julio, la Comisi\u00f3n Nacional de los Derechos Humanos (CNDH) emiti\u00f3 la recomendaci\u00f3n 34\/2016 al Instituto Mexicano del Seguro Social sobre el caso de Violaciones a los Derechos a una Vida Libre de Violencia y a la Integridad Personal, en agravio de una paciente en el Hospital de Gineco Pediatr\u00eda 3-A \u201cMagdalena de las Salinas\u201d.<\/p>\n<p>El organismo protector estableci\u00f3 que personal especializado con perspectiva de g\u00e9nero impartiera en todas las Unidades M\u00e9dico Familiares y Hospitales del IMSS, un curso taller integral de capacitaci\u00f3n y formaci\u00f3n en materia de derechos humanos y sexuales, as\u00ed como de \u00e9tica profesional para evitar actos como los que dieron origen a su pronunciamiento.<\/p>\n<p>En atenci\u00f3n a esta recomendaci\u00f3n y para dar cumplimiento a la difusi\u00f3n de los derechos humanos en la poblaci\u00f3n, la Defensor\u00eda de Derechos Humanos de Cuautitl\u00e1n Izcalli imparti\u00f3 el curso \u201cDerechos Sexuales y \u00c9tica Profesional con Perspectiva de G\u00e9nero\u201d, el pasado 27 de octubre en las instalaciones de la UMF 52 del IMSS, ubicada en la Unidad Infonavit Norte, en presencia de la directora, Irlanda Le\u00f3n Bojorges.<\/p>\n<p>Con el mismo tema, el 28 de septiembre servidores p\u00fablicos de la Unidad M\u00e9dica Familiar de la zona n\u00famero 184, de la Unidad Infonavit Sur Ni\u00f1os H\u00e9roes, en coordinaci\u00f3n con la directora de la Unidad, doctora Mar\u00eda del Socorro Alvarado Reyna, recibieron la instrucci\u00f3n; y finalmente la Defensor\u00eda acudi\u00f3 al Hospital General de la Zona n\u00famero 57 \u201cLa Quebrada\u201d, el 4 de octubre, para ofrecer el curso ante la directora, Alma Araceli P\u00e9rez Villegas.<\/p>\n<p>&nbsp;<\/p>\n","protected":false},"excerpt":{"rendered":"<p>La Defensor\u00eda Municipal de Derechos Humanos de esta demarcaci\u00f3n imparte los cursos \u201cDerechos Sexuales y \u00c9tica Profesional con Perspectiva de G\u00e9nero\u201d a personal de cl\u00ednicas y hospitales del IMSS que se localizan en el municipio, en atenci\u00f3n a la recomendaci\u00f3n que emiti\u00f3 la CNDH al instituto de salud.<\/p>\n","protected":false},"author":3,"featured_media":293354,"comment_status":"open","ping_status":"open","sticky":false,"template":"","format":"standard","meta":{"_monsterinsights_skip_tracking":false,"_monsterinsights_sitenote_active":false,"_monsterinsights_sitenote_note":"","_monsterinsights_sitenote_category":0,"footnotes":""},"categories":[35155],"tags":[971,4340,43675],"class_list":["post-293270","post","type-post","status-publish","format-standard","has-post-thumbnail","hentry","category-estado-de-mexico-estado-de-mexico","tag-cuautitlan-izcalli","tag-derechos-humanos","tag-estado-de-mexico"],"_links":{"self":[{"href":"https:\/\/www.diarioimagen.net\/index.php?rest_route=\/wp\/v2\/posts\/293270","targetHints":{"allow":["GET"]}}],"collection":[{"href":"https:\/\/www.diarioimagen.net\/index.php?rest_route=\/wp\/v2\/posts"}],"about":[{"href":"https:\/\/www.diarioimagen.net\/index.php?rest_route=\/wp\/v2\/types\/post"}],"author":[{"embeddable":true,"href":"https:\/\/www.diarioimagen.net\/index.php?rest_route=\/wp\/v2\/users\/3"}],"replies":[{"embeddable":true,"href":"https:\/\/www.diarioimagen.net\/index.php?rest_route=%2Fwp%2Fv2%2Fcomments&post=293270"}],"version-history":[{"count":0,"href":"https:\/\/www.diarioimagen.net\/index.php?rest_route=\/wp\/v2\/posts\/293270\/revisions"}],"wp:featuredmedia":[{"embeddable":true,"href":"https:\/\/www.diarioimagen.net\/index.php?rest_route=\/wp\/v2\/media\/293354"}],"wp:attachment":[{"href":"https:\/\/www.diarioimagen.net\/index.php?rest_route=%2Fwp%2Fv2%2Fmedia&parent=293270"}],"wp:term":[{"taxonomy":"category","embeddable":true,"href":"https:\/\/www.diarioimagen.net\/index.php?rest_route=%2Fwp%2Fv2%2Fcategories&post=293270"},{"taxonomy":"post_tag","embeddable":true,"href":"https:\/\/www.diarioimagen.net\/index.php?rest_route=%2Fwp%2Fv2%2Ftags&post=293270"}],"curies":[{"name":"wp","href":"https:\/\/api.w.org\/{rel}","templated":true}]}}