{"id":293402,"date":"2016-10-13T00:06:40","date_gmt":"2016-10-13T05:06:40","guid":{"rendered":"http:\/\/www.diarioimagen.net\/?p=293402"},"modified":"2016-10-14T02:25:51","modified_gmt":"2016-10-14T07:25:51","slug":"suman-esfuerzos-coparmex-y-edomex-para-impulsar-competitividad","status":"publish","type":"post","link":"https:\/\/www.diarioimagen.net\/?p=293402","title":{"rendered":"Impulsar\u00e1n competitividad empresarial con innovaci\u00f3n"},"content":{"rendered":"<ul>\n<li><strong><em>El estado, lugar ideal para hacer negocios, afirma Eruviel \u00c1vila<\/em><\/strong><\/li>\n<\/ul>\n<p>&nbsp;<\/p>\n<div id=\"attachment_293403\" style=\"width: 470px\" class=\"wp-caption aligncenter\"><a href=\"http:\/\/www.diarioimagen.net\/?attachment_id=293403\" rel=\"attachment wp-att-293403\"><img loading=\"lazy\" decoding=\"async\" aria-describedby=\"caption-attachment-293403\" class=\"size-large wp-image-293403\" src=\"http:\/\/www.diarioimagen.net\/wp-content\/uploads\/2016\/10\/EruvielCoparmex-portal-460x268.jpg\" alt=\"El gobernador Eruviel \u00c1vila Villegas encabez\u00f3 la inauguraci\u00f3n del Innovation &amp; Business Forum 2016.\" width=\"460\" height=\"268\" srcset=\"https:\/\/www.diarioimagen.net\/wp-content\/uploads\/2016\/10\/EruvielCoparmex-portal-460x268.jpg 460w, https:\/\/www.diarioimagen.net\/wp-content\/uploads\/2016\/10\/EruvielCoparmex-portal-240x140.jpg 240w, https:\/\/www.diarioimagen.net\/wp-content\/uploads\/2016\/10\/EruvielCoparmex-portal.jpg 480w\" sizes=\"auto, (max-width: 460px) 100vw, 460px\" \/><\/a><p id=\"caption-attachment-293403\" class=\"wp-caption-text\">El gobernador Eruviel \u00c1vila Villegas encabez\u00f3 la inauguraci\u00f3n del Innovation &amp; Business Forum 2016.<\/p><\/div>\n<p>&nbsp;<\/p>\n<p><strong>Texcoco, Estado de M\u00e9xico<\/strong>.- En la inauguraci\u00f3n del Innovation &amp; Business Forum 2016, que encabez\u00f3 el gobernador Eruviel \u00c1vila Villegas, el presidente nacional de la Confederaci\u00f3n Patronal de la Rep\u00fablica Mexicana (Coparmex), Gustavo de Hoyos Walther, reconoci\u00f3 al Estado de M\u00e9xico por acompa\u00f1ar los esfuerzos que la iniciativa privada realiza para mejorar la competitividad empresarial, mediante la innovaci\u00f3n tecnol\u00f3gica, pues gracias a este trabajo se ha mejorado el clima de negocios en la entidad.<\/p>\n<p>\u201cAgradezco y celebro la oportunidad de coincidir en este proyecto con el gobierno del Estado de M\u00e9xico y agradezco todo lo que vale el acompa\u00f1amiento en este proyecto del gobernador, porque nos ha apoyado desde sus or\u00edgenes, se\u00f1or secretario de Desarrollo Econ\u00f3mico, y me parece que estamos sentando las bases de una iniciativa que seguramente dar\u00e1 mucho pensamiento en materia de innovaci\u00f3n para el pa\u00eds. As\u00ed que enhorabuena por este acompa\u00f1amiento, por esta oportunidad de coincidir en los temas de los empresarios, y que a final de cuentas son los temas del desarrollo y al final un camino del bienestar\u201d, expres\u00f3 el l\u00edder de la Coparmex.<\/p>\n<p>Por su parte, el gobernador Eruviel \u00c1vila afirm\u00f3 que en el territorio estatal los empresarios y los emprendedores tienen a serios aliados, y que se llevan a cabo acciones para hacer de la entidad un lugar m\u00e1s atractivo para la llegada de nuevas empresas.<\/p>\n<p>\u201cPor eso, hoy le digo a Coparmex que tienen en el gobierno del Estado de M\u00e9xico a serios aliados para impulsar a los empresarios, a los emprendedores, yo siempre le he apostado que le vaya muy bien al sector empresarial, porque si al sector empresarial le va bien, le va a ir muy bien a M\u00e9xico, al Estado de M\u00e9xico, si al sector empresarial le va bien se van a crear m\u00e1s empleos y va a estar apostando m\u00e1s a la innovaci\u00f3n\u201d.<\/p>\n<p>En el Auditorio del Centro Cultural Bicentenario, en Texcoco, el mandatario estatal dijo que en la entidad se trabaja espec\u00edficamente en tres rubros para atraer m\u00e1s capital:<\/p>\n<ol>\n<li>Generar un mejor ambiente de negocios, a trav\u00e9s de acciones como reducir los tr\u00e1mites en la apertura empresas.<\/li>\n<li>Sancionar a funcionarios que obstruyan la inversi\u00f3n.<\/li>\n<li>Elevar a rango constitucional la mejora regulatoria.<\/li>\n<\/ol>\n<p>Estas acciones, agreg\u00f3, han permitido al estado pasar, en cinco a\u00f1os, del lugar 28 al segundo puesto nacional, en el estudio Doing Business del Banco Mundial, como lugar ideal para hacer negocios.<\/p>\n","protected":false},"excerpt":{"rendered":"<p>En la inauguraci\u00f3n del Innovation &#038; Business Forum 2016, que encabez\u00f3 el gobernador Eruviel \u00c1vila Villegas, el presidente nacional de la Confederaci\u00f3n Patronal de la Rep\u00fablica Mexicana (Coparmex), Gustavo de Hoyos Walther, reconoci\u00f3 al Estado de M\u00e9xico por acompa\u00f1ar los esfuerzos que la iniciativa privada realiza para mejorar la competitividad empresarial, mediante la innovaci\u00f3n tecnol\u00f3gica, pues gracias a este trabajo se ha mejorado el clima de negocios en la entidad.<\/p>\n","protected":false},"author":5,"featured_media":293403,"comment_status":"open","ping_status":"open","sticky":false,"template":"","format":"standard","meta":{"_monsterinsights_skip_tracking":false,"_monsterinsights_sitenote_active":false,"_monsterinsights_sitenote_note":"","_monsterinsights_sitenote_category":0,"footnotes":""},"categories":[5],"tags":[308,68,5828,43675,52111,540],"class_list":["post-293402","post","type-post","status-publish","format-standard","has-post-thumbnail","hentry","category-estado-de-mexico","tag-coparmex","tag-edomex","tag-eruviel-avila-villegas","tag-estado-de-mexico","tag-gustavo-de-hoyos-walther","tag-texcoco"],"_links":{"self":[{"href":"https:\/\/www.diarioimagen.net\/index.php?rest_route=\/wp\/v2\/posts\/293402","targetHints":{"allow":["GET"]}}],"collection":[{"href":"https:\/\/www.diarioimagen.net\/index.php?rest_route=\/wp\/v2\/posts"}],"about":[{"href":"https:\/\/www.diarioimagen.net\/index.php?rest_route=\/wp\/v2\/types\/post"}],"author":[{"embeddable":true,"href":"https:\/\/www.diarioimagen.net\/index.php?rest_route=\/wp\/v2\/users\/5"}],"replies":[{"embeddable":true,"href":"https:\/\/www.diarioimagen.net\/index.php?rest_route=%2Fwp%2Fv2%2Fcomments&post=293402"}],"version-history":[{"count":0,"href":"https:\/\/www.diarioimagen.net\/index.php?rest_route=\/wp\/v2\/posts\/293402\/revisions"}],"wp:featuredmedia":[{"embeddable":true,"href":"https:\/\/www.diarioimagen.net\/index.php?rest_route=\/wp\/v2\/media\/293403"}],"wp:attachment":[{"href":"https:\/\/www.diarioimagen.net\/index.php?rest_route=%2Fwp%2Fv2%2Fmedia&parent=293402"}],"wp:term":[{"taxonomy":"category","embeddable":true,"href":"https:\/\/www.diarioimagen.net\/index.php?rest_route=%2Fwp%2Fv2%2Fcategories&post=293402"},{"taxonomy":"post_tag","embeddable":true,"href":"https:\/\/www.diarioimagen.net\/index.php?rest_route=%2Fwp%2Fv2%2Ftags&post=293402"}],"curies":[{"name":"wp","href":"https:\/\/api.w.org\/{rel}","templated":true}]}}