{"id":293411,"date":"2016-10-12T23:55:00","date_gmt":"2016-10-13T04:55:00","guid":{"rendered":"http:\/\/www.diarioimagen.net\/?p=293411"},"modified":"2016-10-13T04:05:33","modified_gmt":"2016-10-13T09:05:33","slug":"ana-barbara-protagonizara-el-musical-amor-eterno","status":"publish","type":"post","link":"https:\/\/www.diarioimagen.net\/?p=293411","title":{"rendered":"Ana B\u00e1rbara protagonizar\u00e1 el musical  <em>Amor Eterno<\/em>"},"content":{"rendered":"<div id=\"attachment_293412\" style=\"width: 430px\" class=\"wp-caption aligncenter\"><a href=\"http:\/\/www.diarioimagen.net\/?attachment_id=293412\" rel=\"attachment wp-att-293412\"><img loading=\"lazy\" decoding=\"async\" aria-describedby=\"caption-attachment-293412\" class=\"wp-image-293412\" src=\"http:\/\/www.diarioimagen.net\/wp-content\/uploads\/2016\/10\/ana-barbara-poortal-268x460.jpg\" alt=\"Ana B\u00e1rbara.\" width=\"420\" height=\"721\" srcset=\"https:\/\/www.diarioimagen.net\/wp-content\/uploads\/2016\/10\/ana-barbara-poortal-268x460.jpg 268w, https:\/\/www.diarioimagen.net\/wp-content\/uploads\/2016\/10\/ana-barbara-poortal-140x240.jpg 140w, https:\/\/www.diarioimagen.net\/wp-content\/uploads\/2016\/10\/ana-barbara-poortal.jpg 700w\" sizes=\"auto, (max-width: 420px) 100vw, 420px\" \/><\/a><p id=\"caption-attachment-293412\" class=\"wp-caption-text\">Ana B\u00e1rbara.<\/p><\/div>\n<p>&nbsp;<\/p>\n<p>El productor Omar Su\u00e1rez revel\u00f3 que la obra \u00abAmor eterno\u00bb, un musical con los \u00e9xitos de Juan Gabriel ya estaba planeada desde hace un a\u00f1o. La obra se se estrenar\u00e1 en el Teatro San Rafael, donde estuvo \u201cAplauso\u201d con Ver\u00f3nica Castro, y \u201ccontar\u00e1 con las actuaciones de Pablo Montero, Ana B\u00e1rbara que ser\u00e1l personaje protag\u00f3nico, se llamar\u00e1 &#8216; Marieta&#8217; ; tenemos divas alternantes, entre ellas, estar\u00e1 Luc\u00eda M\u00e9ndez, C\u00e9sar Bono, que se encargar\u00e1 de la comedia, Dulce la cantante, &#8216; Guadalupe&#8217; que lo hace Mariana Seoane\u201d, se\u00f1al\u00f3 Omar Su\u00e1rez.<\/p>\n","protected":false},"excerpt":{"rendered":"<p>El productor Omar Su\u00e1rez revel\u00f3 que la obra \u00abAmor eterno\u00bb, un musical con los \u00e9xitos de Juan Gabriel ya estaba planeada desde hace un a\u00f1o. La obra se se estrenar\u00e1 en el Teatro San Rafael, donde estuvo \u201cAplauso\u201d con Ver\u00f3nica Castro, y \u201ccontar\u00e1 con las actuaciones de Pablo Montero, Ana B\u00e1rbara que ser\u00e1l personaje protag\u00f3nico, se llamar\u00e1 &#8216; Marieta&#8217; ; tenemos divas alternantes, entre ellas, estar\u00e1 Luc\u00eda M\u00e9ndez, C\u00e9sar Bono, que se encargar\u00e1 de la comedia, Dulce la cantante, &#8216; Guadalupe&#8217; que lo hace Mariana Seoane\u201d, se\u00f1al\u00f3 Omar Su\u00e1rez.<\/p>\n","protected":false},"author":5,"featured_media":293413,"comment_status":"open","ping_status":"open","sticky":false,"template":"","format":"standard","meta":{"_monsterinsights_skip_tracking":false,"_monsterinsights_sitenote_active":false,"_monsterinsights_sitenote_note":"","_monsterinsights_sitenote_category":0,"footnotes":""},"categories":[17,12],"tags":[53490,729,43682,4568,8016],"class_list":["post-293411","post","type-post","status-publish","format-standard","has-post-thumbnail","hentry","category-especiales","category-espectaculos","tag-amor-eterno","tag-ana-barbara","tag-espectaculos","tag-juan-gabriel","tag-pablo-montero"],"_links":{"self":[{"href":"https:\/\/www.diarioimagen.net\/index.php?rest_route=\/wp\/v2\/posts\/293411","targetHints":{"allow":["GET"]}}],"collection":[{"href":"https:\/\/www.diarioimagen.net\/index.php?rest_route=\/wp\/v2\/posts"}],"about":[{"href":"https:\/\/www.diarioimagen.net\/index.php?rest_route=\/wp\/v2\/types\/post"}],"author":[{"embeddable":true,"href":"https:\/\/www.diarioimagen.net\/index.php?rest_route=\/wp\/v2\/users\/5"}],"replies":[{"embeddable":true,"href":"https:\/\/www.diarioimagen.net\/index.php?rest_route=%2Fwp%2Fv2%2Fcomments&post=293411"}],"version-history":[{"count":0,"href":"https:\/\/www.diarioimagen.net\/index.php?rest_route=\/wp\/v2\/posts\/293411\/revisions"}],"wp:featuredmedia":[{"embeddable":true,"href":"https:\/\/www.diarioimagen.net\/index.php?rest_route=\/wp\/v2\/media\/293413"}],"wp:attachment":[{"href":"https:\/\/www.diarioimagen.net\/index.php?rest_route=%2Fwp%2Fv2%2Fmedia&parent=293411"}],"wp:term":[{"taxonomy":"category","embeddable":true,"href":"https:\/\/www.diarioimagen.net\/index.php?rest_route=%2Fwp%2Fv2%2Fcategories&post=293411"},{"taxonomy":"post_tag","embeddable":true,"href":"https:\/\/www.diarioimagen.net\/index.php?rest_route=%2Fwp%2Fv2%2Ftags&post=293411"}],"curies":[{"name":"wp","href":"https:\/\/api.w.org\/{rel}","templated":true}]}}