{"id":293505,"date":"2016-10-13T00:06:04","date_gmt":"2016-10-13T05:06:04","guid":{"rendered":"http:\/\/www.diarioimagen.net\/?p=293505"},"modified":"2016-10-13T03:54:53","modified_gmt":"2016-10-13T08:54:53","slug":"fue-reabierto-el-cruce-la-frontera-tras-obras-de-repavimentacion-en-c-izcalli","status":"publish","type":"post","link":"https:\/\/www.diarioimagen.net\/?p=293505","title":{"rendered":"Fue reabierto el cruce La Frontera, tras obras de repavimentaci\u00f3n en C. Izcalli"},"content":{"rendered":"<ul>\n<li><strong><em>Beneficiar\u00e1 a cerca de 200 mil personas<\/em><\/strong><\/li>\n<\/ul>\n<p>&nbsp;<\/p>\n<div id=\"attachment_293558\" style=\"width: 470px\" class=\"wp-caption aligncenter\"><a href=\"http:\/\/www.diarioimagen.net\/?attachment_id=293558\" rel=\"attachment wp-att-293558\"><img loading=\"lazy\" decoding=\"async\" aria-describedby=\"caption-attachment-293558\" class=\"size-large wp-image-293558\" src=\"http:\/\/www.diarioimagen.net\/wp-content\/uploads\/2016\/10\/CUAUTITLAN-2974-460x259.jpg\" alt=\"Fue reabierto a la circulaci\u00f3n vial el cruce La Frontera, en la colonia La Aurora, luego de la obra integral de rehabilitaci\u00f3n.\" width=\"460\" height=\"259\" srcset=\"https:\/\/www.diarioimagen.net\/wp-content\/uploads\/2016\/10\/CUAUTITLAN-2974-460x259.jpg 460w, https:\/\/www.diarioimagen.net\/wp-content\/uploads\/2016\/10\/CUAUTITLAN-2974-240x135.jpg 240w, https:\/\/www.diarioimagen.net\/wp-content\/uploads\/2016\/10\/CUAUTITLAN-2974-480x270.jpg 480w, https:\/\/www.diarioimagen.net\/wp-content\/uploads\/2016\/10\/CUAUTITLAN-2974-235x132.jpg 235w, https:\/\/www.diarioimagen.net\/wp-content\/uploads\/2016\/10\/CUAUTITLAN-2974-202x114.jpg 202w, https:\/\/www.diarioimagen.net\/wp-content\/uploads\/2016\/10\/CUAUTITLAN-2974-350x196.jpg 350w, https:\/\/www.diarioimagen.net\/wp-content\/uploads\/2016\/10\/CUAUTITLAN-2974-220x123.jpg 220w, https:\/\/www.diarioimagen.net\/wp-content\/uploads\/2016\/10\/CUAUTITLAN-2974-237x132.jpg 237w, https:\/\/www.diarioimagen.net\/wp-content\/uploads\/2016\/10\/CUAUTITLAN-2974.jpg 700w\" sizes=\"auto, (max-width: 460px) 100vw, 460px\" \/><\/a><p id=\"caption-attachment-293558\" class=\"wp-caption-text\">Fue reabierto a la circulaci\u00f3n vial el cruce La Frontera, en la colonia La Aurora, luego de la obra integral de rehabilitaci\u00f3n.<\/p><\/div>\n<p>&nbsp;<\/p>\n<p><strong>Cuautitl\u00e1n Izcalli, Estado de M\u00e9xico<\/strong>.- Ayer fue abierta a la circulaci\u00f3n vial el cruce La Frontera, en la colonia La Aurora, luego de la realizaci\u00f3n de la obra integral que comprendi\u00f3 trabajos hidr\u00e1ulicos y colocaci\u00f3n de pavimento hidr\u00e1ulico con vida \u00fatil de hasta 25 a\u00f1os, y que beneficiar\u00e1 a cerca de 200 mil personas en el municipio.<\/p>\n<p>En el importante cruce de La Frontera se interconectan las avenidas Tepotzotl\u00e1n, Tepojaco, Villa del Carb\u00f3n, Del Trabajo y Santa Mar\u00eda y estuvo abandonado por varias administraciones municipales, ocasionando problem\u00e1tica vial y embrollos para los vecinos del lugar y quienes diariamente transitan por este punto.<\/p>\n<p>Con la entrega de esta obra al 100% -balizada, con guarniciones y banquetas-, vecinos de la zona evitar\u00e1n\u00a0 baches, polvo, lodo, caos vehicular, laminazos entre veh\u00edculos, riesgos para peatones, fugas en tuber\u00edas y anegamientos.<\/p>\n<p>Desde principios de agosto, el gobierno de Izcalli, encabezado por el presidente municipal, V\u00edctor Estrada Garibay, en coordinaci\u00f3n con el Organismo P\u00fablico Descentralizado Municipal de Agua Potable (OPERAGUA), iniciaron los trabajos en la zona para realizar la sustituci\u00f3n de 300 metros de la l\u00ednea de conducci\u00f3n de agua potable hacia el Tanque 3 de OPERAGUA, lo que constituy\u00f3 la primera etapa del proyecto.<\/p>\n<p>&nbsp;<\/p>\n","protected":false},"excerpt":{"rendered":"<p>Ayer fue abierta a la circulaci\u00f3n vial el cruce La Frontera, en la colonia La Aurora, luego de la realizaci\u00f3n de la obra integral que comprendi\u00f3 trabajos hidr\u00e1ulicos y colocaci\u00f3n de pavimento hidr\u00e1ulico con vida \u00fatil de hasta 25 a\u00f1os, y que beneficiar\u00e1 a cerca de 200 mil personas en el municipio.<\/p>\n","protected":false},"author":3,"featured_media":293558,"comment_status":"open","ping_status":"open","sticky":false,"template":"","format":"standard","meta":{"_monsterinsights_skip_tracking":false,"_monsterinsights_sitenote_active":false,"_monsterinsights_sitenote_note":"","_monsterinsights_sitenote_category":0,"footnotes":""},"categories":[35155],"tags":[971,43675,26045],"class_list":["post-293505","post","type-post","status-publish","format-standard","has-post-thumbnail","hentry","category-estado-de-mexico-estado-de-mexico","tag-cuautitlan-izcalli","tag-estado-de-mexico","tag-repavimentacion"],"_links":{"self":[{"href":"https:\/\/www.diarioimagen.net\/index.php?rest_route=\/wp\/v2\/posts\/293505","targetHints":{"allow":["GET"]}}],"collection":[{"href":"https:\/\/www.diarioimagen.net\/index.php?rest_route=\/wp\/v2\/posts"}],"about":[{"href":"https:\/\/www.diarioimagen.net\/index.php?rest_route=\/wp\/v2\/types\/post"}],"author":[{"embeddable":true,"href":"https:\/\/www.diarioimagen.net\/index.php?rest_route=\/wp\/v2\/users\/3"}],"replies":[{"embeddable":true,"href":"https:\/\/www.diarioimagen.net\/index.php?rest_route=%2Fwp%2Fv2%2Fcomments&post=293505"}],"version-history":[{"count":0,"href":"https:\/\/www.diarioimagen.net\/index.php?rest_route=\/wp\/v2\/posts\/293505\/revisions"}],"wp:featuredmedia":[{"embeddable":true,"href":"https:\/\/www.diarioimagen.net\/index.php?rest_route=\/wp\/v2\/media\/293558"}],"wp:attachment":[{"href":"https:\/\/www.diarioimagen.net\/index.php?rest_route=%2Fwp%2Fv2%2Fmedia&parent=293505"}],"wp:term":[{"taxonomy":"category","embeddable":true,"href":"https:\/\/www.diarioimagen.net\/index.php?rest_route=%2Fwp%2Fv2%2Fcategories&post=293505"},{"taxonomy":"post_tag","embeddable":true,"href":"https:\/\/www.diarioimagen.net\/index.php?rest_route=%2Fwp%2Fv2%2Ftags&post=293505"}],"curies":[{"name":"wp","href":"https:\/\/api.w.org\/{rel}","templated":true}]}}