{"id":293507,"date":"2016-10-13T00:05:28","date_gmt":"2016-10-13T05:05:28","guid":{"rendered":"http:\/\/www.diarioimagen.net\/?p=293507"},"modified":"2016-10-13T03:58:56","modified_gmt":"2016-10-13T08:58:56","slug":"huixquilucan-capacitan-a-autoridades-auxiliares-sobre-dh","status":"publish","type":"post","link":"https:\/\/www.diarioimagen.net\/?p=293507","title":{"rendered":"Huixquilucan: capacitan a autoridades auxiliares sobre DH"},"content":{"rendered":"<ul>\n<li><strong><em>Prioridad para la defensor\u00eda municipal<\/em><\/strong><\/li>\n<\/ul>\n<p>&nbsp;<\/p>\n<div id=\"attachment_293565\" style=\"width: 470px\" class=\"wp-caption aligncenter\"><a href=\"http:\/\/www.diarioimagen.net\/?attachment_id=293565\" rel=\"attachment wp-att-293565\"><img loading=\"lazy\" decoding=\"async\" aria-describedby=\"caption-attachment-293565\" class=\"size-large wp-image-293565\" src=\"http:\/\/www.diarioimagen.net\/wp-content\/uploads\/2016\/10\/HUIXQUILUCAN-2974-460x259.jpg\" alt=\"El ombudsman\u00a0municipal, Mario Benito Fierro, durante la capacitaci\u00f3n a las autoridades auxiliares sobre derechos humanos.\" width=\"460\" height=\"259\" srcset=\"https:\/\/www.diarioimagen.net\/wp-content\/uploads\/2016\/10\/HUIXQUILUCAN-2974-460x259.jpg 460w, https:\/\/www.diarioimagen.net\/wp-content\/uploads\/2016\/10\/HUIXQUILUCAN-2974-240x135.jpg 240w, https:\/\/www.diarioimagen.net\/wp-content\/uploads\/2016\/10\/HUIXQUILUCAN-2974-235x132.jpg 235w, https:\/\/www.diarioimagen.net\/wp-content\/uploads\/2016\/10\/HUIXQUILUCAN-2974-202x114.jpg 202w, https:\/\/www.diarioimagen.net\/wp-content\/uploads\/2016\/10\/HUIXQUILUCAN-2974-350x196.jpg 350w, https:\/\/www.diarioimagen.net\/wp-content\/uploads\/2016\/10\/HUIXQUILUCAN-2974-220x123.jpg 220w, https:\/\/www.diarioimagen.net\/wp-content\/uploads\/2016\/10\/HUIXQUILUCAN-2974-237x132.jpg 237w, https:\/\/www.diarioimagen.net\/wp-content\/uploads\/2016\/10\/HUIXQUILUCAN-2974.jpg 480w\" sizes=\"auto, (max-width: 460px) 100vw, 460px\" \/><\/a><p id=\"caption-attachment-293565\" class=\"wp-caption-text\">El ombudsman\u00a0municipal, Mario Benito Fierro, durante la capacitaci\u00f3n a las autoridades auxiliares sobre derechos humanos.<\/p><\/div>\n<p>&nbsp;<\/p>\n<p><strong>Huixquilucan, Estado de M\u00e9xico<\/strong>.- \u201cLa difusi\u00f3n de los derechos humanos es una prioridad para la defensor\u00eda municipal y una instrucci\u00f3n directa del alcalde Enrique Vargas del Villar\u201d, asever\u00f3 el ombudsman\u00a0de esta ciudad, Mario Benito Fierro, durante la capacitaci\u00f3n a las autoridades auxiliares en esta materia.<\/p>\n<p>Reiter\u00f3, que el edil tiene el compromiso de velar en estricto sentido por las garant\u00edas individuales; por ello, la realizaci\u00f3n de estas pl\u00e1ticas con temas espec\u00edficos que ata\u00f1en las responsabilidades que acompa\u00f1an en sus funciones a los delegados e integrantes de los Consejos de Participaci\u00f3n Ciudadana (COPACI).<\/p>\n<p>Record\u00f3 que las autoridades auxiliares son las que tienen el primer contacto con la poblaci\u00f3n en situaciones de crisis en sus comunidades, por lo que las exhort\u00f3 a conocer lo referente a los derechos humanos y promoverlos entre sus vecinos.<\/p>\n<p>Ana Karen Vargas Esquivel, instructora de la Comisi\u00f3n de Derechos Humanos del Estado de M\u00e9xico (CODHEM), coment\u00f3 que el titular de este organismo, Baruch Delgado Carbajal, ha puesto especial inter\u00e9s en que las garant\u00edas individuales sean promovidas en cualquier rinc\u00f3n de la entidad.<\/p>\n<p>Con la ponencia \u201cFunciones y Atribuciones de los Delegados Municipales\u201d, Vargas Esquivel, dialog\u00f3 con los asistentes sobre situaciones cotidianas a las que se enfrentan las autoridades auxiliares y su vinculaci\u00f3n con el respeto a los derechos humanos.<\/p>\n<p>Indic\u00f3 que para generar una cultura de derechos humanos se necesita entender qu\u00e9 son, promoverlos y respetarlos; en este sentido, coment\u00f3 que son el conjunto de facultades, prerrogativas y libertades que tienen como finalidad salvaguardar la igualdad y la dignidad de la persona.<\/p>\n<p>&nbsp;<\/p>\n","protected":false},"excerpt":{"rendered":"<p>\u201cLa difusi\u00f3n de los derechos humanos es una prioridad para la defensor\u00eda municipal y una instrucci\u00f3n directa del alcalde Enrique Vargas del Villar\u201d, asever\u00f3 el ombudsman de esta ciudad, Mario Benito Fierro, durante la capacitaci\u00f3n a las autoridades auxiliares en esta materia.<\/p>\n","protected":false},"author":3,"featured_media":293565,"comment_status":"open","ping_status":"open","sticky":false,"template":"","format":"standard","meta":{"_monsterinsights_skip_tracking":false,"_monsterinsights_sitenote_active":false,"_monsterinsights_sitenote_note":"","_monsterinsights_sitenote_category":0,"footnotes":""},"categories":[35155],"tags":[25972,43675,1097],"class_list":["post-293507","post","type-post","status-publish","format-standard","has-post-thumbnail","hentry","category-estado-de-mexico-estado-de-mexico","tag-capacitacion","tag-estado-de-mexico","tag-huixquilucan"],"_links":{"self":[{"href":"https:\/\/www.diarioimagen.net\/index.php?rest_route=\/wp\/v2\/posts\/293507","targetHints":{"allow":["GET"]}}],"collection":[{"href":"https:\/\/www.diarioimagen.net\/index.php?rest_route=\/wp\/v2\/posts"}],"about":[{"href":"https:\/\/www.diarioimagen.net\/index.php?rest_route=\/wp\/v2\/types\/post"}],"author":[{"embeddable":true,"href":"https:\/\/www.diarioimagen.net\/index.php?rest_route=\/wp\/v2\/users\/3"}],"replies":[{"embeddable":true,"href":"https:\/\/www.diarioimagen.net\/index.php?rest_route=%2Fwp%2Fv2%2Fcomments&post=293507"}],"version-history":[{"count":0,"href":"https:\/\/www.diarioimagen.net\/index.php?rest_route=\/wp\/v2\/posts\/293507\/revisions"}],"wp:featuredmedia":[{"embeddable":true,"href":"https:\/\/www.diarioimagen.net\/index.php?rest_route=\/wp\/v2\/media\/293565"}],"wp:attachment":[{"href":"https:\/\/www.diarioimagen.net\/index.php?rest_route=%2Fwp%2Fv2%2Fmedia&parent=293507"}],"wp:term":[{"taxonomy":"category","embeddable":true,"href":"https:\/\/www.diarioimagen.net\/index.php?rest_route=%2Fwp%2Fv2%2Fcategories&post=293507"},{"taxonomy":"post_tag","embeddable":true,"href":"https:\/\/www.diarioimagen.net\/index.php?rest_route=%2Fwp%2Fv2%2Ftags&post=293507"}],"curies":[{"name":"wp","href":"https:\/\/api.w.org\/{rel}","templated":true}]}}