{"id":293509,"date":"2016-10-13T00:04:45","date_gmt":"2016-10-13T05:04:45","guid":{"rendered":"http:\/\/www.diarioimagen.net\/?p=293509"},"modified":"2016-10-13T04:03:12","modified_gmt":"2016-10-13T09:03:12","slug":"inauguran-en-tultepec-muestra-itinerante-sobre-artes-plasticas","status":"publish","type":"post","link":"https:\/\/www.diarioimagen.net\/?p=293509","title":{"rendered":"Inauguran en Tultepec muestra itinerante sobre artes pl\u00e1sticas"},"content":{"rendered":"<ul>\n<li><strong><em>Folklor, canto, m\u00fasica y pirotecnia<\/em><\/strong><\/li>\n<\/ul>\n<p>&nbsp;<\/p>\n<div id=\"attachment_293568\" style=\"width: 470px\" class=\"wp-caption aligncenter\"><a href=\"http:\/\/www.diarioimagen.net\/?attachment_id=293568\" rel=\"attachment wp-att-293568\"><img loading=\"lazy\" decoding=\"async\" aria-describedby=\"caption-attachment-293568\" class=\"size-large wp-image-293568\" src=\"http:\/\/www.diarioimagen.net\/wp-content\/uploads\/2016\/10\/TULTEPEC-2974-460x259.jpg\" alt=\"El secretario del Ayuntamiento de Tultepec, Edgar Adri\u00e1n Hern\u00e1ndez M\u00e1rquez, inaugur\u00f3 la exposici\u00f3n itinerante Las Artes Pl\u00e1sticas, Expresi\u00f3n Humana.\" width=\"460\" height=\"259\" srcset=\"https:\/\/www.diarioimagen.net\/wp-content\/uploads\/2016\/10\/TULTEPEC-2974-460x259.jpg 460w, https:\/\/www.diarioimagen.net\/wp-content\/uploads\/2016\/10\/TULTEPEC-2974-240x135.jpg 240w, https:\/\/www.diarioimagen.net\/wp-content\/uploads\/2016\/10\/TULTEPEC-2974-235x132.jpg 235w, https:\/\/www.diarioimagen.net\/wp-content\/uploads\/2016\/10\/TULTEPEC-2974-202x114.jpg 202w, https:\/\/www.diarioimagen.net\/wp-content\/uploads\/2016\/10\/TULTEPEC-2974-350x196.jpg 350w, https:\/\/www.diarioimagen.net\/wp-content\/uploads\/2016\/10\/TULTEPEC-2974-220x123.jpg 220w, https:\/\/www.diarioimagen.net\/wp-content\/uploads\/2016\/10\/TULTEPEC-2974-237x132.jpg 237w, https:\/\/www.diarioimagen.net\/wp-content\/uploads\/2016\/10\/TULTEPEC-2974.jpg 480w\" sizes=\"auto, (max-width: 460px) 100vw, 460px\" \/><\/a><p id=\"caption-attachment-293568\" class=\"wp-caption-text\">El secretario del Ayuntamiento de Tultepec, Edgar Adri\u00e1n Hern\u00e1ndez M\u00e1rquez, inaugur\u00f3 la exposici\u00f3n itinerante Las Artes Pl\u00e1sticas, Expresi\u00f3n Humana.<\/p><\/div>\n<p>&nbsp;<\/p>\n<p><strong>Tultepec, Estado de M\u00e9xico<\/strong>.- Al inaugurar la exposici\u00f3n itinerante Las Artes Pl\u00e1sticas, Expresi\u00f3n Humana, Edgar Adri\u00e1n Hern\u00e1ndez M\u00e1rquez, secretario del Ayuntamiento, en representaci\u00f3n del alcalde Armando Portuguez, afirm\u00f3 que Tultepec tiene en el folklor, canto, m\u00fasica y pirotecnia la expresi\u00f3n cultural que da identidad a este municipio, y por ello cuenta con todo el respaldo del gobierno local.<\/p>\n<p>La exhibici\u00f3n Las Artes Pl\u00e1sticas, Expresi\u00f3n Humana, se encuentra instalada en la Galer\u00eda del Kiosco de Tultepec de la explanada municipal. Consiste en una exposici\u00f3n itinerante que considera el \u201carte como punto que transforma conciencias, desarrolla nuestra vocaci\u00f3n y ayuda a construir mejores personas, adem\u00e1s de ser la m\u00e1s rica expresi\u00f3n de nuestra individualidad\u201d.<\/p>\n<p>Juana Antonieta Z\u00fa\u00f1iga Urb\u00e1n, cronista municipal, dijo que por la tradici\u00f3n y riqueza cultural de Tultepec, no es casual que este municipio sea sede inicial de esta exposici\u00f3n itinerante, que permanecer\u00e1 abierta al p\u00fablico en general todo octubre y noviembre.<\/p>\n<p>Lament\u00f3 que el gobierno federal haya relegado en los \u00faltimos a\u00f1os la expresi\u00f3n cultural, pero destac\u00f3 la importancia de regresarla a nuestra educaci\u00f3n integral, y asegur\u00f3, que desde el \u00e1mbito municipal se impulsa que el arte y la cultura sean parte de los cimientos y desarrollo integral en la formaci\u00f3n del ciudadano.<\/p>\n<p>Por su parte, Mauricio Solano S\u00e1nchez, coordinador de la Casa de Cultura V\u00edctor Urb\u00e1n Velasco, agradeci\u00f3 la presencia de su hom\u00f3logo de Coacalco, Oswaldo Cruz Arenas, con quien coincidi\u00f3 en la importancia de aprovechar todos los espacios f\u00edsicos en la promoci\u00f3n de las diversas expresiones art\u00edsticas.<\/p>\n<p>Se\u00f1al\u00f3 que el desarrollo de las potencialidades del ser humano, es una de las tareas sociales m\u00e1s importantes y significativas en el largo y valioso proceso del g\u00e9nero humano.<\/p>\n<p>&nbsp;<\/p>\n","protected":false},"excerpt":{"rendered":"<p>Al inaugurar la exposici\u00f3n itinerante Las Artes Pl\u00e1sticas, Expresi\u00f3n Humana, Edgar Adri\u00e1n Hern\u00e1ndez M\u00e1rquez, secretario del Ayuntamiento, en representaci\u00f3n del alcalde Armando Portuguez, afirm\u00f3 que Tultepec tiene en el folklor, canto, m\u00fasica y pirotecnia la expresi\u00f3n cultural que da identidad a este municipio, y por ello cuenta con todo el respaldo del gobierno local.<\/p>\n","protected":false},"author":3,"featured_media":293568,"comment_status":"open","ping_status":"open","sticky":false,"template":"","format":"standard","meta":{"_monsterinsights_skip_tracking":false,"_monsterinsights_sitenote_active":false,"_monsterinsights_sitenote_note":"","_monsterinsights_sitenote_category":0,"footnotes":""},"categories":[35155],"tags":[43675,3802],"class_list":["post-293509","post","type-post","status-publish","format-standard","has-post-thumbnail","hentry","category-estado-de-mexico-estado-de-mexico","tag-estado-de-mexico","tag-tultepec"],"_links":{"self":[{"href":"https:\/\/www.diarioimagen.net\/index.php?rest_route=\/wp\/v2\/posts\/293509","targetHints":{"allow":["GET"]}}],"collection":[{"href":"https:\/\/www.diarioimagen.net\/index.php?rest_route=\/wp\/v2\/posts"}],"about":[{"href":"https:\/\/www.diarioimagen.net\/index.php?rest_route=\/wp\/v2\/types\/post"}],"author":[{"embeddable":true,"href":"https:\/\/www.diarioimagen.net\/index.php?rest_route=\/wp\/v2\/users\/3"}],"replies":[{"embeddable":true,"href":"https:\/\/www.diarioimagen.net\/index.php?rest_route=%2Fwp%2Fv2%2Fcomments&post=293509"}],"version-history":[{"count":0,"href":"https:\/\/www.diarioimagen.net\/index.php?rest_route=\/wp\/v2\/posts\/293509\/revisions"}],"wp:featuredmedia":[{"embeddable":true,"href":"https:\/\/www.diarioimagen.net\/index.php?rest_route=\/wp\/v2\/media\/293568"}],"wp:attachment":[{"href":"https:\/\/www.diarioimagen.net\/index.php?rest_route=%2Fwp%2Fv2%2Fmedia&parent=293509"}],"wp:term":[{"taxonomy":"category","embeddable":true,"href":"https:\/\/www.diarioimagen.net\/index.php?rest_route=%2Fwp%2Fv2%2Fcategories&post=293509"},{"taxonomy":"post_tag","embeddable":true,"href":"https:\/\/www.diarioimagen.net\/index.php?rest_route=%2Fwp%2Fv2%2Ftags&post=293509"}],"curies":[{"name":"wp","href":"https:\/\/api.w.org\/{rel}","templated":true}]}}