{"id":293517,"date":"2016-10-13T00:02:35","date_gmt":"2016-10-13T05:02:35","guid":{"rendered":"http:\/\/www.diarioimagen.net\/?p=293517"},"modified":"2016-10-13T04:07:49","modified_gmt":"2016-10-13T09:07:49","slug":"inicia-festival-internacional-de-las-artes-luminaria-2016","status":"publish","type":"post","link":"https:\/\/www.diarioimagen.net\/?p=293517","title":{"rendered":"Inicia festival internacional de las artes \u201cLuminaria 2016\u201d"},"content":{"rendered":"<ul>\n<li><strong><em>Atizap\u00e1n se viste de gala<\/em><\/strong><\/li>\n<\/ul>\n<p>&nbsp;<\/p>\n<div id=\"attachment_293577\" style=\"width: 470px\" class=\"wp-caption aligncenter\"><a href=\"http:\/\/www.diarioimagen.net\/?attachment_id=293577\" rel=\"attachment wp-att-293577\"><img loading=\"lazy\" decoding=\"async\" aria-describedby=\"caption-attachment-293577\" class=\"size-large wp-image-293577\" src=\"http:\/\/www.diarioimagen.net\/wp-content\/uploads\/2016\/10\/ATIZAPAN-2974-460x258.jpg\" alt=\"La alcaldesa, Ana Mar\u00eda Balderas Trejo, destac\u00f3 que Luminaria se ha consolidado como uno de los festivales culturales m\u00e1s importantes del pa\u00eds.\" width=\"460\" height=\"258\" srcset=\"https:\/\/www.diarioimagen.net\/wp-content\/uploads\/2016\/10\/ATIZAPAN-2974-460x258.jpg 460w, https:\/\/www.diarioimagen.net\/wp-content\/uploads\/2016\/10\/ATIZAPAN-2974-240x135.jpg 240w, https:\/\/www.diarioimagen.net\/wp-content\/uploads\/2016\/10\/ATIZAPAN-2974-480x270.jpg 480w, https:\/\/www.diarioimagen.net\/wp-content\/uploads\/2016\/10\/ATIZAPAN-2974-235x132.jpg 235w, https:\/\/www.diarioimagen.net\/wp-content\/uploads\/2016\/10\/ATIZAPAN-2974-202x114.jpg 202w, https:\/\/www.diarioimagen.net\/wp-content\/uploads\/2016\/10\/ATIZAPAN-2974-350x196.jpg 350w, https:\/\/www.diarioimagen.net\/wp-content\/uploads\/2016\/10\/ATIZAPAN-2974-220x123.jpg 220w, https:\/\/www.diarioimagen.net\/wp-content\/uploads\/2016\/10\/ATIZAPAN-2974-237x132.jpg 237w, https:\/\/www.diarioimagen.net\/wp-content\/uploads\/2016\/10\/ATIZAPAN-2974.jpg 700w\" sizes=\"auto, (max-width: 460px) 100vw, 460px\" \/><\/a><p id=\"caption-attachment-293577\" class=\"wp-caption-text\">La alcaldesa, Ana Mar\u00eda Balderas Trejo, destac\u00f3 que Luminaria se ha consolidado como uno de los festivales culturales m\u00e1s importantes del pa\u00eds.<\/p><\/div>\n<p>&nbsp;<\/p>\n<p><strong>Atizap\u00e1n, Estado de M\u00e9xico<\/strong>.- Con alegre y colorida inauguraci\u00f3n, el municipio se visti\u00f3 de gala en el arranque del Festival Internacional de las Artes \u201cLuminaria 2016\u201d en su 15 edici\u00f3n, donde m\u00e1s de 7 mil 500 personas se dieron cita para disfrutar de\u00a0la historia, tradici\u00f3n y magia del pueblo azteca, a cargo de las artes esc\u00e9nicas de\u00a0\u201cAzteca Spirit, el show\u201d.<\/p>\n<p>La presidenta municipal, Ana Mar\u00eda Balderas Trejo, mencion\u00f3 que Luminaria naci\u00f3 hace 15 a\u00f1os y hoy se ha consolidado como uno de los festivales culturales m\u00e1s importantes del pa\u00eds y ya goza de fama internacional. Reiter\u00f3 que su administraci\u00f3n ha puesto todo su empe\u00f1o por ofrecer espect\u00e1culos de calidad y que la cultura llegue a todos los rincones\u00a0 del municipio.<\/p>\n<p>\u201cAzteca Spirit, el show\u201d,\u00a0narra los \u00faltimos a\u00f1os del imperio de Moctezuma, haciendo \u00e9nfasis en el encuentro que tuvo con Hern\u00e1n Cort\u00e9s en los \u00faltimos d\u00edas del pueblo azteca, resaltando con exactitud su cosmovisi\u00f3n, misticismo y espiritualidad, pero sobre todo su garra, valent\u00eda y coraje que caracterizan al pueblo guerrero.<\/p>\n<p>El\u00a0Festival Internacional de las Artes \u201cLuminaria 2016\u201d\u00a0inici\u00f3 en el a\u00f1o 2000 con la programaci\u00f3n de eventos art\u00edsticos y culturales de calidad con gran aceptaci\u00f3n entre la poblaci\u00f3n local, as\u00ed como de los municipios aleda\u00f1os, lo cual ha hecho de este magno evento una importante plataforma art\u00edstica del Distrito Federal y del Estado de M\u00e9xico,\u00a0y con el paso del tiempo ha adquirido fama internacional.<\/p>\n<p>Como ya es costumbre, en esta 15 edici\u00f3n del festival se contar\u00e1 con la participaci\u00f3n de artistas de talla nacional e internacional para todos los gustos y edades, tales como la Camerata Porte\u00f1a de Argentina, Demetria Taylor, Merenglass, La Casta\u00f1eda, El Tri, Liran\u00b4 Roll, Carlos Cuevas, Gonzalo Ceja, Yuri, Mar\u00eda Jos\u00e9, Tex-Tex, Dany Daniel , Matute Show, Roc\u00edo Banquells y Napole\u00f3n.<\/p>\n<p>&nbsp;<\/p>\n","protected":false},"excerpt":{"rendered":"<p>Con alegre y colorida inauguraci\u00f3n, el municipio se visti\u00f3 de gala en el arranque del Festival Internacional de las Artes \u201cLuminaria 2016\u201d en su 15 edici\u00f3n, donde m\u00e1s de 7 mil 500 personas se dieron cita para disfrutar de la historia, tradici\u00f3n y magia del pueblo azteca, a cargo de las artes esc\u00e9nicas de \u201cAzteca Spirit, el show\u201d.<\/p>\n","protected":false},"author":3,"featured_media":293577,"comment_status":"open","ping_status":"open","sticky":false,"template":"","format":"standard","meta":{"_monsterinsights_skip_tracking":false,"_monsterinsights_sitenote_active":false,"_monsterinsights_sitenote_note":"","_monsterinsights_sitenote_category":0,"footnotes":""},"categories":[35155],"tags":[47219,969,43675,48964],"class_list":["post-293517","post","type-post","status-publish","format-standard","has-post-thumbnail","hentry","category-estado-de-mexico-estado-de-mexico","tag-ana-maria-balderas-trejo","tag-atizapan","tag-estado-de-mexico","tag-luminarias"],"_links":{"self":[{"href":"https:\/\/www.diarioimagen.net\/index.php?rest_route=\/wp\/v2\/posts\/293517","targetHints":{"allow":["GET"]}}],"collection":[{"href":"https:\/\/www.diarioimagen.net\/index.php?rest_route=\/wp\/v2\/posts"}],"about":[{"href":"https:\/\/www.diarioimagen.net\/index.php?rest_route=\/wp\/v2\/types\/post"}],"author":[{"embeddable":true,"href":"https:\/\/www.diarioimagen.net\/index.php?rest_route=\/wp\/v2\/users\/3"}],"replies":[{"embeddable":true,"href":"https:\/\/www.diarioimagen.net\/index.php?rest_route=%2Fwp%2Fv2%2Fcomments&post=293517"}],"version-history":[{"count":0,"href":"https:\/\/www.diarioimagen.net\/index.php?rest_route=\/wp\/v2\/posts\/293517\/revisions"}],"wp:featuredmedia":[{"embeddable":true,"href":"https:\/\/www.diarioimagen.net\/index.php?rest_route=\/wp\/v2\/media\/293577"}],"wp:attachment":[{"href":"https:\/\/www.diarioimagen.net\/index.php?rest_route=%2Fwp%2Fv2%2Fmedia&parent=293517"}],"wp:term":[{"taxonomy":"category","embeddable":true,"href":"https:\/\/www.diarioimagen.net\/index.php?rest_route=%2Fwp%2Fv2%2Fcategories&post=293517"},{"taxonomy":"post_tag","embeddable":true,"href":"https:\/\/www.diarioimagen.net\/index.php?rest_route=%2Fwp%2Fv2%2Ftags&post=293517"}],"curies":[{"name":"wp","href":"https:\/\/api.w.org\/{rel}","templated":true}]}}